{"id":9036,"date":"2022-08-24T11:55:30","date_gmt":"2022-08-24T09:55:30","guid":{"rendered":"https:\/\/www.archiv-frau-musik.de\/?p=9036"},"modified":"2022-08-24T11:55:30","modified_gmt":"2022-08-24T09:55:30","slug":"call-for-entries-filmkomponistinnen-gesucht","status":"publish","type":"post","link":"https:\/\/www.archiv-frau-musik.de\/fr\/archives\/call-for-entries-filmkomponistinnen-gesucht","title":{"rendered":"(Deutsch) CALL FOR ENTRIES \u2013 Filmkomponist:innen gesucht"},"content":{"rendered":"<p class=\"qtranxs-available-languages-message qtranxs-available-languages-message-fr\">D\u00e9sol\u00e9, cet article est seulement disponible en <a href=\"https:\/\/www.archiv-frau-musik.de\/de\/wp-json\/wp\/v2\/posts\/9036\" class=\"qtranxs-available-language-link qtranxs-available-language-link-de\" title=\"Deutsch\">Deutsch<\/a>.<\/p>","protected":false},"excerpt":{"rendered":"<p>D\u00e9sol\u00e9, cet article est seulement disponible en Deutsch.<\/p>\n","protected":false},"author":5,"featured_media":0,"comment_status":"closed","ping_status":"closed","sticky":false,"template":"","format":"standard","meta":{"generate_page_header":"","footnotes":"","_wpscppro_dont_share_socialmedia":false,"_wpscppro_custom_social_share_image":0,"_facebook_share_type":"","_twitter_share_type":"","_linkedin_share_type":"","_pinterest_share_type":"","_linkedin_share_type_page":"","_instagram_share_type":"","_medium_share_type":"","_threads_share_type":"","_google_business_share_type":"","_selected_social_profile":[],"_wpsp_enable_custom_social_template":false,"_wpsp_social_scheduling":{"enabled":false,"datetime":null,"platforms":[],"status":"template_only","dateOption":"today","timeOption":"now","customDays":"","customHours":"","customDate":"","customTime":"","schedulingType":"absolute"},"_wpsp_active_default_template":true},"categories":[129],"tags":[974,975,973,187],"class_list":["post-9036","post","type-post","status-publish","format-standard","hentry","category-news","tag-call-for-entries","tag-deutscher-filmmusikpreis","tag-filmmusik","tag-komponistinnen","masonry-post","generate-columns","tablet-grid-50","mobile-grid-100","grid-parent","grid-33"],"yoast_head":"<!-- This site is optimized with the Yoast SEO plugin v27.5 - https:\/\/yoast.com\/product\/yoast-seo-wordpress\/ -->\n<title>(Deutsch) CALL FOR ENTRIES \u2013 Filmkomponist:innen gesucht<\/title>\n<meta name=\"description\" content=\"b sofort k\u00f6nnen sich Filmkomponist:innen mit ihren Musikprojekten f\u00fcr die Vergabe des Deutschen Filmmusikpreises in der Kategorie Beste Musik\" \/>\n<meta name=\"robots\" content=\"index, follow, max-snippet:-1, max-image-preview:large, max-video-preview:-1\" \/>\n<link rel=\"canonical\" href=\"https:\/\/www.archiv-frau-musik.de\/fr\/archives\/call-for-entries-filmkomponistinnen-gesucht\" \/>\n<meta property=\"og:locale\" content=\"fr_FR\" \/>\n<meta property=\"og:type\" content=\"article\" \/>\n<meta property=\"og:title\" content=\"(Deutsch) CALL FOR ENTRIES \u2013 Filmkomponist:innen gesucht\" \/>\n<meta property=\"og:description\" content=\"b sofort k\u00f6nnen sich Filmkomponist:innen mit ihren Musikprojekten f\u00fcr die Vergabe des Deutschen Filmmusikpreises in der Kategorie Beste Musik\" \/>\n<meta property=\"og:url\" content=\"https:\/\/www.archiv-frau-musik.de\/fr\/archives\/call-for-entries-filmkomponistinnen-gesucht\" \/>\n<meta property=\"og:site_name\" content=\"Archiv Frau und Musik\" \/>\n<meta property=\"article:published_time\" content=\"2022-08-24T09:55:30+00:00\" \/>\n<meta name=\"author\" content=\"Susanne Wosnitzka\" \/>\n<meta name=\"twitter:card\" content=\"summary_large_image\" \/>\n<meta name=\"twitter:label1\" content=\"\u00c9crit par\" \/>\n\t<meta name=\"twitter:data1\" content=\"Susanne Wosnitzka\" \/>\n\t<meta name=\"twitter:label2\" content=\"Dur\u00e9e de lecture estim\u00e9e\" \/>\n\t<meta name=\"twitter:data2\" content=\"2 minutes\" \/>\n<script type=\"application\/ld+json\" class=\"yoast-schema-graph\">{\"@context\":\"https:\\\/\\\/schema.org\",\"@graph\":[{\"@type\":\"Article\",\"@id\":\"https:\\\/\\\/www.archiv-frau-musik.de\\\/archives\\\/call-for-entries-filmkomponistinnen-gesucht#article\",\"isPartOf\":{\"@id\":\"https:\\\/\\\/www.archiv-frau-musik.de\\\/archives\\\/call-for-entries-filmkomponistinnen-gesucht\"},\"author\":{\"name\":\"Susanne Wosnitzka\",\"@id\":\"https:\\\/\\\/www.archiv-frau-musik.de\\\/en\\\/#\\\/schema\\\/person\\\/098b86c964d3428203bd1fa833f8499f\"},\"headline\":\"(Deutsch) CALL FOR ENTRIES \u2013 Filmkomponist:innen gesucht\",\"datePublished\":\"2022-08-24T09:55:30+00:00\",\"mainEntityOfPage\":{\"@id\":\"https:\\\/\\\/www.archiv-frau-musik.de\\\/archives\\\/call-for-entries-filmkomponistinnen-gesucht\"},\"wordCount\":222,\"keywords\":[\"Call for entries\",\"Deutscher Filmmusikpreis\",\"Filmmusik\",\"Komponistinnen\"],\"articleSection\":[\"News\"],\"inLanguage\":\"fr-FR\"},{\"@type\":\"WebPage\",\"@id\":\"https:\\\/\\\/www.archiv-frau-musik.de\\\/fr\\\/archives\\\/call-for-entries-filmkomponistinnen-gesucht\",\"url\":\"https:\\\/\\\/www.archiv-frau-musik.de\\\/fr\\\/archives\\\/call-for-entries-filmkomponistinnen-gesucht\",\"name\":\"(Deutsch) CALL FOR ENTRIES \u2013 Filmkomponist:innen gesucht\",\"isPartOf\":{\"@id\":\"https:\\\/\\\/www.archiv-frau-musik.de\\\/fr\\\/#website\"},\"datePublished\":\"2022-08-24T09:55:30+00:00\",\"author\":{\"@id\":\"https:\\\/\\\/www.archiv-frau-musik.de\\\/en\\\/#\\\/schema\\\/person\\\/098b86c964d3428203bd1fa833f8499f\"},\"description\":\"b sofort k\u00f6nnen sich Filmkomponist:innen mit ihren Musikprojekten f\u00fcr die Vergabe des Deutschen Filmmusikpreises in der Kategorie Beste Musik\",\"breadcrumb\":{\"@id\":\"https:\\\/\\\/www.archiv-frau-musik.de\\\/fr\\\/archives\\\/call-for-entries-filmkomponistinnen-gesucht#breadcrumb\"},\"inLanguage\":\"fr-FR\",\"potentialAction\":[{\"@type\":\"ReadAction\",\"target\":[[\"https:\\\/\\\/www.archiv-frau-musik.de\\\/fr\\\/archives\\\/call-for-entries-filmkomponistinnen-gesucht\"]]}]},{\"@type\":\"BreadcrumbList\",\"@id\":\"https:\\\/\\\/www.archiv-frau-musik.de\\\/fr\\\/archives\\\/call-for-entries-filmkomponistinnen-gesucht#breadcrumb\",\"itemListElement\":[{\"@type\":\"ListItem\",\"position\":1,\"name\":\"Startseite\",\"item\":\"https:\\\/\\\/www.archiv-frau-musik.de\\\/fr\\\/\"},{\"@type\":\"ListItem\",\"position\":2,\"name\":\"CALL FOR ENTRIES \u2013 Filmkomponist:innen gesucht\"}]},{\"@type\":\"WebSite\",\"@id\":\"https:\\\/\\\/www.archiv-frau-musik.de\\\/fr\\\/#website\",\"url\":\"https:\\\/\\\/www.archiv-frau-musik.de\\\/fr\\\/\",\"name\":\"Archiv Frau und Musik\",\"description\":\"\",\"potentialAction\":[{\"@type\":\"SearchAction\",\"target\":{\"@type\":\"EntryPoint\",\"urlTemplate\":\"https:\\\/\\\/www.archiv-frau-musik.de\\\/fr\\\/?s={search_term_string}\"},\"query-input\":{\"@type\":\"PropertyValueSpecification\",\"valueRequired\":true,\"valueName\":\"search_term_string\"}}],\"inLanguage\":\"fr-FR\"},{\"@type\":\"Person\",\"@id\":\"https:\\\/\\\/www.archiv-frau-musik.de\\\/en\\\/#\\\/schema\\\/person\\\/098b86c964d3428203bd1fa833f8499f\",\"name\":\"Susanne Wosnitzka\",\"image\":{\"@type\":\"ImageObject\",\"inLanguage\":\"fr-FR\",\"@id\":\"https:\\\/\\\/secure.gravatar.com\\\/avatar\\\/4b8dc71d4a6bc86326708727ed7153c065df0707bac62859beeebe4c03021c70?s=96&d=identicon&r=g\",\"url\":\"https:\\\/\\\/secure.gravatar.com\\\/avatar\\\/4b8dc71d4a6bc86326708727ed7153c065df0707bac62859beeebe4c03021c70?s=96&d=identicon&r=g\",\"contentUrl\":\"https:\\\/\\\/secure.gravatar.com\\\/avatar\\\/4b8dc71d4a6bc86326708727ed7153c065df0707bac62859beeebe4c03021c70?s=96&d=identicon&r=g\",\"caption\":\"Susanne Wosnitzka\"},\"sameAs\":[\"https:\\\/\\\/www.susanne-wosnitzka.de\"],\"url\":\"https:\\\/\\\/www.archiv-frau-musik.de\\\/fr\\\/archives\\\/author\\\/wosnitzka\"}]}<\/script>\n<!-- \/ Yoast SEO plugin. -->","yoast_head_json":{"title":"(Deutsch) CALL FOR ENTRIES \u2013 Filmkomponist:innen gesucht","description":"b sofort k\u00f6nnen sich Filmkomponist:innen mit ihren Musikprojekten f\u00fcr die Vergabe des Deutschen Filmmusikpreises in der Kategorie Beste Musik","robots":{"index":"index","follow":"follow","max-snippet":"max-snippet:-1","max-image-preview":"max-image-preview:large","max-video-preview":"max-video-preview:-1"},"canonical":"https:\/\/www.archiv-frau-musik.de\/fr\/archives\/call-for-entries-filmkomponistinnen-gesucht","og_locale":"fr_FR","og_type":"article","og_title":"(Deutsch) CALL FOR ENTRIES \u2013 Filmkomponist:innen gesucht","og_description":"b sofort k\u00f6nnen sich Filmkomponist:innen mit ihren Musikprojekten f\u00fcr die Vergabe des Deutschen Filmmusikpreises in der Kategorie Beste Musik","og_url":"https:\/\/www.archiv-frau-musik.de\/fr\/archives\/call-for-entries-filmkomponistinnen-gesucht","og_site_name":"Archiv Frau und Musik","article_published_time":"2022-08-24T09:55:30+00:00","author":"Susanne Wosnitzka","twitter_card":"summary_large_image","twitter_misc":{"\u00c9crit par":"Susanne Wosnitzka","Dur\u00e9e de lecture estim\u00e9e":"2 minutes"},"schema":{"@context":"https:\/\/schema.org","@graph":[{"@type":"Article","@id":"https:\/\/www.archiv-frau-musik.de\/archives\/call-for-entries-filmkomponistinnen-gesucht#article","isPartOf":{"@id":"https:\/\/www.archiv-frau-musik.de\/archives\/call-for-entries-filmkomponistinnen-gesucht"},"author":{"name":"Susanne Wosnitzka","@id":"https:\/\/www.archiv-frau-musik.de\/en\/#\/schema\/person\/098b86c964d3428203bd1fa833f8499f"},"headline":"(Deutsch) CALL FOR ENTRIES \u2013 Filmkomponist:innen gesucht","datePublished":"2022-08-24T09:55:30+00:00","mainEntityOfPage":{"@id":"https:\/\/www.archiv-frau-musik.de\/archives\/call-for-entries-filmkomponistinnen-gesucht"},"wordCount":222,"keywords":["Call for entries","Deutscher Filmmusikpreis","Filmmusik","Komponistinnen"],"articleSection":["News"],"inLanguage":"fr-FR"},{"@type":"WebPage","@id":"https:\/\/www.archiv-frau-musik.de\/fr\/archives\/call-for-entries-filmkomponistinnen-gesucht","url":"https:\/\/www.archiv-frau-musik.de\/fr\/archives\/call-for-entries-filmkomponistinnen-gesucht","name":"(Deutsch) CALL FOR ENTRIES \u2013 Filmkomponist:innen gesucht","isPartOf":{"@id":"https:\/\/www.archiv-frau-musik.de\/fr\/#website"},"datePublished":"2022-08-24T09:55:30+00:00","author":{"@id":"https:\/\/www.archiv-frau-musik.de\/en\/#\/schema\/person\/098b86c964d3428203bd1fa833f8499f"},"description":"b sofort k\u00f6nnen sich Filmkomponist:innen mit ihren Musikprojekten f\u00fcr die Vergabe des Deutschen Filmmusikpreises in der Kategorie Beste Musik","breadcrumb":{"@id":"https:\/\/www.archiv-frau-musik.de\/fr\/archives\/call-for-entries-filmkomponistinnen-gesucht#breadcrumb"},"inLanguage":"fr-FR","potentialAction":[{"@type":"ReadAction","target":[["https:\/\/www.archiv-frau-musik.de\/fr\/archives\/call-for-entries-filmkomponistinnen-gesucht"]]}]},{"@type":"BreadcrumbList","@id":"https:\/\/www.archiv-frau-musik.de\/fr\/archives\/call-for-entries-filmkomponistinnen-gesucht#breadcrumb","itemListElement":[{"@type":"ListItem","position":1,"name":"Startseite","item":"https:\/\/www.archiv-frau-musik.de\/fr\/"},{"@type":"ListItem","position":2,"name":"CALL FOR ENTRIES \u2013 Filmkomponist:innen gesucht"}]},{"@type":"WebSite","@id":"https:\/\/www.archiv-frau-musik.de\/fr\/#website","url":"https:\/\/www.archiv-frau-musik.de\/fr\/","name":"Archiv Frau und Musik","description":"","potentialAction":[{"@type":"SearchAction","target":{"@type":"EntryPoint","urlTemplate":"https:\/\/www.archiv-frau-musik.de\/fr\/?s={search_term_string}"},"query-input":{"@type":"PropertyValueSpecification","valueRequired":true,"valueName":"search_term_string"}}],"inLanguage":"fr-FR"},{"@type":"Person","@id":"https:\/\/www.archiv-frau-musik.de\/en\/#\/schema\/person\/098b86c964d3428203bd1fa833f8499f","name":"Susanne Wosnitzka","image":{"@type":"ImageObject","inLanguage":"fr-FR","@id":"https:\/\/secure.gravatar.com\/avatar\/4b8dc71d4a6bc86326708727ed7153c065df0707bac62859beeebe4c03021c70?s=96&d=identicon&r=g","url":"https:\/\/secure.gravatar.com\/avatar\/4b8dc71d4a6bc86326708727ed7153c065df0707bac62859beeebe4c03021c70?s=96&d=identicon&r=g","contentUrl":"https:\/\/secure.gravatar.com\/avatar\/4b8dc71d4a6bc86326708727ed7153c065df0707bac62859beeebe4c03021c70?s=96&d=identicon&r=g","caption":"Susanne Wosnitzka"},"sameAs":["https:\/\/www.susanne-wosnitzka.de"],"url":"https:\/\/www.archiv-frau-musik.de\/fr\/archives\/author\/wosnitzka"}]}},"_links":{"self":[{"href":"https:\/\/www.archiv-frau-musik.de\/fr\/wp-json\/wp\/v2\/posts\/9036","targetHints":{"allow":["GET"]}}],"collection":[{"href":"https:\/\/www.archiv-frau-musik.de\/fr\/wp-json\/wp\/v2\/posts"}],"about":[{"href":"https:\/\/www.archiv-frau-musik.de\/fr\/wp-json\/wp\/v2\/types\/post"}],"author":[{"embeddable":true,"href":"https:\/\/www.archiv-frau-musik.de\/fr\/wp-json\/wp\/v2\/users\/5"}],"replies":[{"embeddable":true,"href":"https:\/\/www.archiv-frau-musik.de\/fr\/wp-json\/wp\/v2\/comments?post=9036"}],"version-history":[{"count":1,"href":"https:\/\/www.archiv-frau-musik.de\/fr\/wp-json\/wp\/v2\/posts\/9036\/revisions"}],"predecessor-version":[{"id":9037,"href":"https:\/\/www.archiv-frau-musik.de\/fr\/wp-json\/wp\/v2\/posts\/9036\/revisions\/9037"}],"wp:attachment":[{"href":"https:\/\/www.archiv-frau-musik.de\/fr\/wp-json\/wp\/v2\/media?parent=9036"}],"wp:term":[{"taxonomy":"category","embeddable":true,"href":"https:\/\/www.archiv-frau-musik.de\/fr\/wp-json\/wp\/v2\/categories?post=9036"},{"taxonomy":"post_tag","embeddable":true,"href":"https:\/\/www.archiv-frau-musik.de\/fr\/wp-json\/wp\/v2\/tags?post=9036"}],"curies":[{"name":"wp","href":"https:\/\/api.w.org\/{rel}","templated":true}]}}