{"id":3271,"date":"2015-11-24T09:48:44","date_gmt":"2015-11-24T08:48:44","guid":{"rendered":"http:\/\/www.archiv-frau-musik.de\/?p=3271"},"modified":"2018-03-02T00:41:02","modified_gmt":"2018-03-01T23:41:02","slug":"04-12-2015-musica-viva-orchesterkonzert-u-a-mit-cathy-millikens-earth-plays","status":"publish","type":"post","link":"https:\/\/www.archiv-frau-musik.de\/fr\/archives\/04-12-2015-musica-viva-orchesterkonzert-u-a-mit-cathy-millikens-earth-plays","title":{"rendered":"04.12.2015 musica viva-Orchesterkonzert, u. a. mit Cathy Millikens \u00ab\u00a0Earth Plays\u00a0\u00bb"},"content":{"rendered":"<p class=\"ox-7aef8332f0-MsoNormal\" style=\"text-align: justify;\"><img loading=\"lazy\" decoding=\"async\" id=\"image004.png@01D125FA.10D8F240\" src=\"https:\/\/email.1und1.de\/appsuite\/api\/image\/mail\/picture?folder=default0%2FINBOX&amp;id=1448284854641852210&amp;uid=image004.png%4001D125FA.10D8F240\" alt=\"\" width=\"351\" height=\"694\" align=\"left\" hspace=\"12\" \/><\/p>\n<p class=\"ox-7aef8332f0-MsoNormal\" style=\"text-align: justify;\">Nach Karlheinz Stockhausens weltumspannenden <i>Hymnen<\/i>-Kompositionen zum Saison-Auftakt bereist das kommende <b><i>musica viva<\/i>-Orchesterkonzert am 4. Dezember 2015<\/b> im M\u00fcnchener Herkulessaal der Residenz nochmals ferne Weltregionen: Mit Kompositionen von J\u00f6rg Widmann, Cathy Milliken und Steve Reich. Es spielt das Symphonieorchester des Bayerischen Rundfunks unter Leitung von Peter Rundel, mit dabei sind die Mezzosopranistin Fiona Campbell und das in London beheimatete Vokalensemble \u201eSynergy Vocals\u201c.<\/p>\n<p class=\"ox-7aef8332f0-MsoNormal\" style=\"text-align: justify;\"><b>J\u00f6rg Widmanns <i>Dubairische T\u00e4nze<\/i><\/b><i> <\/i>entstanden 2009 w\u00e4hrend eines einmonatigen Aufenthaltes in Dubai, wohin es den Komponisten Dank der \u201einto&#8230;\u201c-Initiative des Siemens Arts Program verschlagen hatte. Angesichts dieser rasant sich entwickelnden Stadt, konfrontiert mit der fremden arabischen Kultur und den Eindr\u00fccken der nahen W\u00fcste ausgesetzt, st\u00f6\u00dft Widmann auf die Frage nach seinen musikalischen Wurzeln. Mit den <i>Dubairischen T\u00e4nzen <\/i>komponiert er mitten in der arabischen Metropole bayerische Zwiefache, L\u00e4ndler, M\u00e4rsche, durchsetzt von Arabesken, die die M\u00fcnchner Historie wachrufen: seit Jahrhunderten ist die arabische \u201eMoresca\u201c selbstverst\u00e4ndlicher Bestandteil einer Volksmusik, die man als typisch \u201em\u00fcnchnerisch\u201c erachtet. Geschrieben wurden die <i>Dubairischen T\u00e4nze<\/i> f\u00fcr das Ensemble Modern, bei der <i>musica viva<\/i> erklingen sie nun erstmals in chorischer Fassung f\u00fcr Orchester.<\/p>\n<p class=\"ox-7aef8332f0-MsoNormal\" style=\"text-align: justify;\"><img loading=\"lazy\" decoding=\"async\" id=\"image003.png@01D125FA.10D8F240\" src=\"https:\/\/email.1und1.de\/appsuite\/api\/image\/mail\/picture?folder=default0%2FINBOX&amp;id=1448284854641852210&amp;uid=image003.png%4001D125FA.10D8F240\" alt=\"\" width=\"230\" height=\"344\" align=\"left\" hspace=\"12\" \/>Die <b><i>Earth Plays<\/i> von Cathy Milliken <\/b>\u2013 Komponistin, Oboistin und Gr\u00fcndungsmitglied des Ensemble Modern \u2013 begeben sich auf eine imagin\u00e4re Reise in gleich vier Weltgegenden: nach Island, Griechenland, Japan und an die amerikanische Ostk\u00fcste. \u00ab\u00a0Die Synergien, die aus menschlichen Zusammenk\u00fcnften entstehen, und die Rituale, Gesetze, Dramen und Lieder, Legenden und Tr\u00e4ume, die aus ihnen hervorgehen \u2013 all dies inspirierte mich dazu, \u00fcber Orte nachzudenken, in die sich Ger\u00e4usche, Musik und Worte akustisch eingepr\u00e4gt haben k\u00f6nnten \u2013 &lsquo;in Stein gemei\u00dfelt&rsquo;, wie es so sch\u00f6n hei\u00dft.\u00a0\u00bb Das viers\u00e4tzige Werk ist zun\u00e4chst dem isl\u00e4ndischen <i>Thingvellir <\/i>gewidmet.<i> <\/i>Dort trafen sich bereits um etwa 1000 n. Chr. Menschen im Althing-Parlament um Handel zu treiben, Ehen zu schlie\u00dfen und um \u2212 als wichtigste Funktion dieses fr\u00fchen Parlamentes \u2212 Gesetze auszurufen. <i>Epidauros<\/i>, das ber\u00fchmte Amphitheater des antiken Griechenlands, ist die n\u00e4chste Station. Der dritte Satz f\u00fchrt zu den magischen Steinbildern bei Tono im Norden Japans (<i>Gohyaku Rakan<\/i>), der vierte Satz schlie\u00dflich versetzt den H\u00f6rer in die <i>Radio City Music Hall <\/i>in New York. Die <i>Earth Plays<\/i> von Cathy Milliken sind ein Kompositionsauftrag der <i>musica viva<\/i> des Bayerischen Rundfunks.<\/p>\n<p class=\"ox-7aef8332f0-MsoNormal\" style=\"text-align: justify;\"><b>Steve Reichs<\/b> ber\u00fchmte Psalmen-Komposition <b><i>Tehillim<\/i><\/b>, 1981 geschrieben, erfindet auf neue Weise die in den westlichen Synagogen verloren gegangene Tradition des hebr\u00e4ischen Psalmengesangs im Geiste der amerikanischen Minimal Music. <i>Tehillim<\/i> f\u00fcr vier Frauenstimmen und Orchester wird zusammen mit dem Ensemble \u201eSynergy Vocals\u201c aufgef\u00fchrt. Mit ihnen wie auch mit dem Dirigenten Peter Rundel verbindet Steve Reich eine langj\u00e4hrige Zusammenarbeit. Im Juni 2016, zum Ende der <i>musica<\/i><i> viva<\/i>-Saison 15\/16, wird der achtzigj\u00e4hrige Meister der amerikanischen Minimal Music auch pers\u00f6nlich bei der <i>musica viva<\/i> zu Gast sein.<\/p>\n<p class=\"ox-7aef8332f0-MsoNormal\" style=\"text-align: justify;\">Und auf einen weiteren, besonderen Programmpunkt m\u00f6chte ich Sie aufmerksam machen: Die Probenphase der <i>Earth Plays<\/i> von Cathy Milliken wird begleitet von einer \u201eResponse-Werkstatt\u201c der Education-Abteilung des Symphonieorchesters des Bayerischen Rundfunks: Gemeinsam mit der Komponistin und Musikern aus Chor und Symphonieorchester des Bayerischen Rundfunks setzen sich 30 Sch\u00fclerinnen des M\u00fcnchner Maria-Ward-Gymnasiums kreativ mit den <i> Earth Plays<\/i> auseinander. Als eine Art musikalisches Vorwort pr\u00e4sentieren die Sch\u00fclerinnen ihre Ergebnisse in einer Auff\u00fchrung vor Beginn des Konzertes, um 19.15 h im Foyer des Herkulessaales.<\/p>\n<p class=\"ox-7aef8332f0-MsoNormal\" style=\"text-align: justify;\">Das Konzert wird mitgeschnitten und am <b>Mittwoch, den 16. Dezember um 20.03 Uhr auf BR-Klassik<\/b> gesendet.<\/p>\n<p class=\"ox-7aef8332f0-MsoNormal\" style=\"text-align: justify;\">Aktuelle<b> Informationen<\/b> zu allen Veranstaltungen der <i>musica viva<\/i> des Bayerischen Rundfunks finden Sie unter <a href=\"http:\/\/www.br-musica-viva.de\" target=\"_blank\">www.br-musica-viva.de<\/a>.<\/p>\n<p class=\"ox-7aef8332f0-MsoNormal\" style=\"text-align: justify;\"><b>Karten <\/b>erhalten Sie bei BRticket im Foyer des BR-Hochhauses, unter der Telefonnummer<\/p>\n<p class=\"ox-7aef8332f0-MsoNormal\" style=\"text-align: justify;\">089\/5900-10880, im Internet auf der Seite <a href=\"http:\/\/www.br-klassikticket.de\" target=\"_blank\">www.br-klassikticket.de<\/a>, an allen M\u00fcnchenTicket angeschlossenen Vorverkaufsstellen und an der Abendkasse.<\/p>\n<p class=\"ox-7aef8332f0-MsoNormal\" style=\"text-align: justify;\">(Text und Informationen von Winrich Hopp)<\/p>\n","protected":false},"excerpt":{"rendered":"<p>Nach Karlheinz Stockhausens weltumspannenden Hymnen-Kompositionen zum Saison-Auftakt bereist das kommende musica viva-Orchesterkonzert am 4. Dezember 2015 im M\u00fcnchener Herkulessaal der Residenz nochmals ferne Weltregionen: Mit Kompositionen von J\u00f6rg Widmann, Cathy Milliken und Steve Reich. Es spielt das Symphonieorchester des Bayerischen Rundfunks unter Leitung von Peter Rundel, mit dabei sind die Mezzosopranistin Fiona Campbell und das &#8230; <a title=\"04.12.2015 musica viva-Orchesterkonzert, u. a. mit Cathy Millikens \u00ab\u00a0Earth Plays\u00a0\u00bb\" class=\"read-more\" href=\"https:\/\/www.archiv-frau-musik.de\/fr\/archives\/04-12-2015-musica-viva-orchesterkonzert-u-a-mit-cathy-millikens-earth-plays\" aria-label=\"En savoir plus sur 04.12.2015 musica viva-Orchesterkonzert, u. a. mit Cathy Millikens \u00ab\u00a0Earth Plays\u00a0\u00bb\">Weiterlesen &#8230;<\/a><\/p>\n","protected":false},"author":5,"featured_media":0,"comment_status":"closed","ping_status":"closed","sticky":false,"template":"","format":"standard","meta":{"generate_page_header":"","footnotes":"","_wpscppro_dont_share_socialmedia":false,"_wpscppro_custom_social_share_image":0,"_facebook_share_type":"","_twitter_share_type":"","_linkedin_share_type":"","_pinterest_share_type":"","_linkedin_share_type_page":"","_instagram_share_type":"","_medium_share_type":"","_threads_share_type":"","_google_business_share_type":"","_selected_social_profile":[],"_wpsp_enable_custom_social_template":false,"_wpsp_social_scheduling":{"enabled":false,"datetime":null,"platforms":[],"status":"template_only","dateOption":"today","timeOption":"now","customDays":"","customHours":"","customDate":"","customTime":"","schedulingType":"absolute"},"_wpsp_active_default_template":true},"categories":[131],"tags":[],"class_list":["post-3271","post","type-post","status-publish","format-standard","hentry","category-veranstaltung","masonry-post","generate-columns","tablet-grid-50","mobile-grid-100","grid-parent","grid-33"],"yoast_head":"<!-- This site is optimized with the Yoast SEO plugin v27.5 - https:\/\/yoast.com\/product\/yoast-seo-wordpress\/ -->\n<title>04.12.2015 musica viva-Orchesterkonzert, u. a. mit Cathy Millikens &quot;Earth Plays&quot; &#8211; Archiv Frau und Musik<\/title>\n<meta name=\"robots\" content=\"index, follow, max-snippet:-1, max-image-preview:large, max-video-preview:-1\" \/>\n<link rel=\"canonical\" href=\"https:\/\/www.archiv-frau-musik.de\/fr\/archives\/04-12-2015-musica-viva-orchesterkonzert-u-a-mit-cathy-millikens-earth-plays\" \/>\n<meta property=\"og:locale\" content=\"fr_FR\" \/>\n<meta property=\"og:type\" content=\"article\" \/>\n<meta property=\"og:title\" content=\"04.12.2015 musica viva-Orchesterkonzert, u. a. mit Cathy Millikens &quot;Earth Plays&quot; &#8211; Archiv Frau und Musik\" \/>\n<meta property=\"og:description\" content=\"Nach Karlheinz Stockhausens weltumspannenden Hymnen-Kompositionen zum Saison-Auftakt bereist das kommende musica viva-Orchesterkonzert am 4. Dezember 2015 im M\u00fcnchener Herkulessaal der Residenz nochmals ferne Weltregionen: Mit Kompositionen von J\u00f6rg Widmann, Cathy Milliken und Steve Reich. Es spielt das Symphonieorchester des Bayerischen Rundfunks unter Leitung von Peter Rundel, mit dabei sind die Mezzosopranistin Fiona Campbell und das ... Weiterlesen ...\" \/>\n<meta property=\"og:url\" content=\"https:\/\/www.archiv-frau-musik.de\/fr\/archives\/04-12-2015-musica-viva-orchesterkonzert-u-a-mit-cathy-millikens-earth-plays\" \/>\n<meta property=\"og:site_name\" content=\"Archiv Frau und Musik\" \/>\n<meta property=\"article:published_time\" content=\"2015-11-24T08:48:44+00:00\" \/>\n<meta property=\"article:modified_time\" content=\"2018-03-01T23:41:02+00:00\" \/>\n<meta property=\"og:image\" content=\"https:\/\/email.1und1.de\/appsuite\/api\/image\/mail\/picture?folder=default0%2FINBOX&amp;id=1448284854641852210&amp;uid=image004.png%4001D125FA.10D8F240\" \/>\n<meta name=\"author\" content=\"Susanne Wosnitzka\" \/>\n<meta name=\"twitter:card\" content=\"summary_large_image\" \/>\n<meta name=\"twitter:label1\" content=\"\u00c9crit par\" \/>\n\t<meta name=\"twitter:data1\" content=\"Susanne Wosnitzka\" \/>\n\t<meta name=\"twitter:label2\" content=\"Dur\u00e9e de lecture estim\u00e9e\" \/>\n\t<meta name=\"twitter:data2\" content=\"3 minutes\" \/>\n<script type=\"application\/ld+json\" class=\"yoast-schema-graph\">{\"@context\":\"https:\\\/\\\/schema.org\",\"@graph\":[{\"@type\":\"Article\",\"@id\":\"https:\\\/\\\/www.archiv-frau-musik.de\\\/archives\\\/04-12-2015-musica-viva-orchesterkonzert-u-a-mit-cathy-millikens-earth-plays#article\",\"isPartOf\":{\"@id\":\"https:\\\/\\\/www.archiv-frau-musik.de\\\/archives\\\/04-12-2015-musica-viva-orchesterkonzert-u-a-mit-cathy-millikens-earth-plays\"},\"author\":{\"name\":\"Susanne Wosnitzka\",\"@id\":\"https:\\\/\\\/www.archiv-frau-musik.de\\\/en\\\/#\\\/schema\\\/person\\\/098b86c964d3428203bd1fa833f8499f\"},\"headline\":\"04.12.2015 musica viva-Orchesterkonzert, u. a. mit Cathy Millikens \u00ab\u00a0Earth Plays\u00a0\u00bb\",\"datePublished\":\"2015-11-24T08:48:44+00:00\",\"dateModified\":\"2018-03-01T23:41:02+00:00\",\"mainEntityOfPage\":{\"@id\":\"https:\\\/\\\/www.archiv-frau-musik.de\\\/archives\\\/04-12-2015-musica-viva-orchesterkonzert-u-a-mit-cathy-millikens-earth-plays\"},\"wordCount\":634,\"image\":{\"@id\":\"https:\\\/\\\/www.archiv-frau-musik.de\\\/archives\\\/04-12-2015-musica-viva-orchesterkonzert-u-a-mit-cathy-millikens-earth-plays#primaryimage\"},\"thumbnailUrl\":\"https:\\\/\\\/email.1und1.de\\\/appsuite\\\/api\\\/image\\\/mail\\\/picture?folder=default0%2FINBOX&amp;id=1448284854641852210&amp;uid=image004.png%4001D125FA.10D8F240\",\"articleSection\":[\"Veranstaltung\"],\"inLanguage\":\"fr-FR\"},{\"@type\":\"WebPage\",\"@id\":\"https:\\\/\\\/www.archiv-frau-musik.de\\\/fr\\\/archives\\\/04-12-2015-musica-viva-orchesterkonzert-u-a-mit-cathy-millikens-earth-plays\",\"url\":\"https:\\\/\\\/www.archiv-frau-musik.de\\\/fr\\\/archives\\\/04-12-2015-musica-viva-orchesterkonzert-u-a-mit-cathy-millikens-earth-plays\",\"name\":\"04.12.2015 musica viva-Orchesterkonzert, u. a. mit Cathy Millikens \\\"Earth Plays\\\" &#8211; Archiv Frau und Musik\",\"isPartOf\":{\"@id\":\"https:\\\/\\\/www.archiv-frau-musik.de\\\/fr\\\/#website\"},\"primaryImageOfPage\":{\"@id\":\"https:\\\/\\\/www.archiv-frau-musik.de\\\/fr\\\/archives\\\/04-12-2015-musica-viva-orchesterkonzert-u-a-mit-cathy-millikens-earth-plays#primaryimage\"},\"image\":{\"@id\":\"https:\\\/\\\/www.archiv-frau-musik.de\\\/archives\\\/04-12-2015-musica-viva-orchesterkonzert-u-a-mit-cathy-millikens-earth-plays#primaryimage\"},\"thumbnailUrl\":\"https:\\\/\\\/email.1und1.de\\\/appsuite\\\/api\\\/image\\\/mail\\\/picture?folder=default0%2FINBOX&amp;id=1448284854641852210&amp;uid=image004.png%4001D125FA.10D8F240\",\"datePublished\":\"2015-11-24T08:48:44+00:00\",\"dateModified\":\"2018-03-01T23:41:02+00:00\",\"author\":{\"@id\":\"https:\\\/\\\/www.archiv-frau-musik.de\\\/en\\\/#\\\/schema\\\/person\\\/098b86c964d3428203bd1fa833f8499f\"},\"breadcrumb\":{\"@id\":\"https:\\\/\\\/www.archiv-frau-musik.de\\\/fr\\\/archives\\\/04-12-2015-musica-viva-orchesterkonzert-u-a-mit-cathy-millikens-earth-plays#breadcrumb\"},\"inLanguage\":\"fr-FR\",\"potentialAction\":[{\"@type\":\"ReadAction\",\"target\":[[\"https:\\\/\\\/www.archiv-frau-musik.de\\\/fr\\\/archives\\\/04-12-2015-musica-viva-orchesterkonzert-u-a-mit-cathy-millikens-earth-plays\"]]}]},{\"@type\":\"ImageObject\",\"inLanguage\":\"fr-FR\",\"@id\":\"https:\\\/\\\/www.archiv-frau-musik.de\\\/fr\\\/archives\\\/04-12-2015-musica-viva-orchesterkonzert-u-a-mit-cathy-millikens-earth-plays#primaryimage\",\"url\":\"https:\\\/\\\/email.1und1.de\\\/appsuite\\\/api\\\/image\\\/mail\\\/picture?folder=default0%2FINBOX&amp;id=1448284854641852210&amp;uid=image004.png%4001D125FA.10D8F240\",\"contentUrl\":\"https:\\\/\\\/email.1und1.de\\\/appsuite\\\/api\\\/image\\\/mail\\\/picture?folder=default0%2FINBOX&amp;id=1448284854641852210&amp;uid=image004.png%4001D125FA.10D8F240\"},{\"@type\":\"BreadcrumbList\",\"@id\":\"https:\\\/\\\/www.archiv-frau-musik.de\\\/fr\\\/archives\\\/04-12-2015-musica-viva-orchesterkonzert-u-a-mit-cathy-millikens-earth-plays#breadcrumb\",\"itemListElement\":[{\"@type\":\"ListItem\",\"position\":1,\"name\":\"Startseite\",\"item\":\"https:\\\/\\\/www.archiv-frau-musik.de\\\/fr\\\/\"},{\"@type\":\"ListItem\",\"position\":2,\"name\":\"04.12.2015 musica viva-Orchesterkonzert, u. a. mit Cathy Millikens &#8220;Earth Plays&#8221;\"}]},{\"@type\":\"WebSite\",\"@id\":\"https:\\\/\\\/www.archiv-frau-musik.de\\\/fr\\\/#website\",\"url\":\"https:\\\/\\\/www.archiv-frau-musik.de\\\/fr\\\/\",\"name\":\"Archiv Frau und Musik\",\"description\":\"\",\"potentialAction\":[{\"@type\":\"SearchAction\",\"target\":{\"@type\":\"EntryPoint\",\"urlTemplate\":\"https:\\\/\\\/www.archiv-frau-musik.de\\\/fr\\\/?s={search_term_string}\"},\"query-input\":{\"@type\":\"PropertyValueSpecification\",\"valueRequired\":true,\"valueName\":\"search_term_string\"}}],\"inLanguage\":\"fr-FR\"},{\"@type\":\"Person\",\"@id\":\"https:\\\/\\\/www.archiv-frau-musik.de\\\/en\\\/#\\\/schema\\\/person\\\/098b86c964d3428203bd1fa833f8499f\",\"name\":\"Susanne Wosnitzka\",\"image\":{\"@type\":\"ImageObject\",\"inLanguage\":\"fr-FR\",\"@id\":\"https:\\\/\\\/secure.gravatar.com\\\/avatar\\\/4b8dc71d4a6bc86326708727ed7153c065df0707bac62859beeebe4c03021c70?s=96&d=identicon&r=g\",\"url\":\"https:\\\/\\\/secure.gravatar.com\\\/avatar\\\/4b8dc71d4a6bc86326708727ed7153c065df0707bac62859beeebe4c03021c70?s=96&d=identicon&r=g\",\"contentUrl\":\"https:\\\/\\\/secure.gravatar.com\\\/avatar\\\/4b8dc71d4a6bc86326708727ed7153c065df0707bac62859beeebe4c03021c70?s=96&d=identicon&r=g\",\"caption\":\"Susanne Wosnitzka\"},\"sameAs\":[\"https:\\\/\\\/www.susanne-wosnitzka.de\"],\"url\":\"https:\\\/\\\/www.archiv-frau-musik.de\\\/fr\\\/archives\\\/author\\\/wosnitzka\"}]}<\/script>\n<!-- \/ Yoast SEO plugin. -->","yoast_head_json":{"title":"04.12.2015 musica viva-Orchesterkonzert, u. a. mit Cathy Millikens \"Earth Plays\" &#8211; Archiv Frau und Musik","robots":{"index":"index","follow":"follow","max-snippet":"max-snippet:-1","max-image-preview":"max-image-preview:large","max-video-preview":"max-video-preview:-1"},"canonical":"https:\/\/www.archiv-frau-musik.de\/fr\/archives\/04-12-2015-musica-viva-orchesterkonzert-u-a-mit-cathy-millikens-earth-plays","og_locale":"fr_FR","og_type":"article","og_title":"04.12.2015 musica viva-Orchesterkonzert, u. a. mit Cathy Millikens \"Earth Plays\" &#8211; Archiv Frau und Musik","og_description":"Nach Karlheinz Stockhausens weltumspannenden Hymnen-Kompositionen zum Saison-Auftakt bereist das kommende musica viva-Orchesterkonzert am 4. Dezember 2015 im M\u00fcnchener Herkulessaal der Residenz nochmals ferne Weltregionen: Mit Kompositionen von J\u00f6rg Widmann, Cathy Milliken und Steve Reich. Es spielt das Symphonieorchester des Bayerischen Rundfunks unter Leitung von Peter Rundel, mit dabei sind die Mezzosopranistin Fiona Campbell und das ... Weiterlesen ...","og_url":"https:\/\/www.archiv-frau-musik.de\/fr\/archives\/04-12-2015-musica-viva-orchesterkonzert-u-a-mit-cathy-millikens-earth-plays","og_site_name":"Archiv Frau und Musik","article_published_time":"2015-11-24T08:48:44+00:00","article_modified_time":"2018-03-01T23:41:02+00:00","og_image":[{"url":"https:\/\/email.1und1.de\/appsuite\/api\/image\/mail\/picture?folder=default0%2FINBOX&amp;id=1448284854641852210&amp;uid=image004.png%4001D125FA.10D8F240","type":"","width":"","height":""}],"author":"Susanne Wosnitzka","twitter_card":"summary_large_image","twitter_misc":{"\u00c9crit par":"Susanne Wosnitzka","Dur\u00e9e de lecture estim\u00e9e":"3 minutes"},"schema":{"@context":"https:\/\/schema.org","@graph":[{"@type":"Article","@id":"https:\/\/www.archiv-frau-musik.de\/archives\/04-12-2015-musica-viva-orchesterkonzert-u-a-mit-cathy-millikens-earth-plays#article","isPartOf":{"@id":"https:\/\/www.archiv-frau-musik.de\/archives\/04-12-2015-musica-viva-orchesterkonzert-u-a-mit-cathy-millikens-earth-plays"},"author":{"name":"Susanne Wosnitzka","@id":"https:\/\/www.archiv-frau-musik.de\/en\/#\/schema\/person\/098b86c964d3428203bd1fa833f8499f"},"headline":"04.12.2015 musica viva-Orchesterkonzert, u. a. mit Cathy Millikens \u00ab\u00a0Earth Plays\u00a0\u00bb","datePublished":"2015-11-24T08:48:44+00:00","dateModified":"2018-03-01T23:41:02+00:00","mainEntityOfPage":{"@id":"https:\/\/www.archiv-frau-musik.de\/archives\/04-12-2015-musica-viva-orchesterkonzert-u-a-mit-cathy-millikens-earth-plays"},"wordCount":634,"image":{"@id":"https:\/\/www.archiv-frau-musik.de\/archives\/04-12-2015-musica-viva-orchesterkonzert-u-a-mit-cathy-millikens-earth-plays#primaryimage"},"thumbnailUrl":"https:\/\/email.1und1.de\/appsuite\/api\/image\/mail\/picture?folder=default0%2FINBOX&amp;id=1448284854641852210&amp;uid=image004.png%4001D125FA.10D8F240","articleSection":["Veranstaltung"],"inLanguage":"fr-FR"},{"@type":"WebPage","@id":"https:\/\/www.archiv-frau-musik.de\/fr\/archives\/04-12-2015-musica-viva-orchesterkonzert-u-a-mit-cathy-millikens-earth-plays","url":"https:\/\/www.archiv-frau-musik.de\/fr\/archives\/04-12-2015-musica-viva-orchesterkonzert-u-a-mit-cathy-millikens-earth-plays","name":"04.12.2015 musica viva-Orchesterkonzert, u. a. mit Cathy Millikens \"Earth Plays\" &#8211; Archiv Frau und Musik","isPartOf":{"@id":"https:\/\/www.archiv-frau-musik.de\/fr\/#website"},"primaryImageOfPage":{"@id":"https:\/\/www.archiv-frau-musik.de\/fr\/archives\/04-12-2015-musica-viva-orchesterkonzert-u-a-mit-cathy-millikens-earth-plays#primaryimage"},"image":{"@id":"https:\/\/www.archiv-frau-musik.de\/archives\/04-12-2015-musica-viva-orchesterkonzert-u-a-mit-cathy-millikens-earth-plays#primaryimage"},"thumbnailUrl":"https:\/\/email.1und1.de\/appsuite\/api\/image\/mail\/picture?folder=default0%2FINBOX&amp;id=1448284854641852210&amp;uid=image004.png%4001D125FA.10D8F240","datePublished":"2015-11-24T08:48:44+00:00","dateModified":"2018-03-01T23:41:02+00:00","author":{"@id":"https:\/\/www.archiv-frau-musik.de\/en\/#\/schema\/person\/098b86c964d3428203bd1fa833f8499f"},"breadcrumb":{"@id":"https:\/\/www.archiv-frau-musik.de\/fr\/archives\/04-12-2015-musica-viva-orchesterkonzert-u-a-mit-cathy-millikens-earth-plays#breadcrumb"},"inLanguage":"fr-FR","potentialAction":[{"@type":"ReadAction","target":[["https:\/\/www.archiv-frau-musik.de\/fr\/archives\/04-12-2015-musica-viva-orchesterkonzert-u-a-mit-cathy-millikens-earth-plays"]]}]},{"@type":"ImageObject","inLanguage":"fr-FR","@id":"https:\/\/www.archiv-frau-musik.de\/fr\/archives\/04-12-2015-musica-viva-orchesterkonzert-u-a-mit-cathy-millikens-earth-plays#primaryimage","url":"https:\/\/email.1und1.de\/appsuite\/api\/image\/mail\/picture?folder=default0%2FINBOX&amp;id=1448284854641852210&amp;uid=image004.png%4001D125FA.10D8F240","contentUrl":"https:\/\/email.1und1.de\/appsuite\/api\/image\/mail\/picture?folder=default0%2FINBOX&amp;id=1448284854641852210&amp;uid=image004.png%4001D125FA.10D8F240"},{"@type":"BreadcrumbList","@id":"https:\/\/www.archiv-frau-musik.de\/fr\/archives\/04-12-2015-musica-viva-orchesterkonzert-u-a-mit-cathy-millikens-earth-plays#breadcrumb","itemListElement":[{"@type":"ListItem","position":1,"name":"Startseite","item":"https:\/\/www.archiv-frau-musik.de\/fr\/"},{"@type":"ListItem","position":2,"name":"04.12.2015 musica viva-Orchesterkonzert, u. a. mit Cathy Millikens &#8220;Earth Plays&#8221;"}]},{"@type":"WebSite","@id":"https:\/\/www.archiv-frau-musik.de\/fr\/#website","url":"https:\/\/www.archiv-frau-musik.de\/fr\/","name":"Archiv Frau und Musik","description":"","potentialAction":[{"@type":"SearchAction","target":{"@type":"EntryPoint","urlTemplate":"https:\/\/www.archiv-frau-musik.de\/fr\/?s={search_term_string}"},"query-input":{"@type":"PropertyValueSpecification","valueRequired":true,"valueName":"search_term_string"}}],"inLanguage":"fr-FR"},{"@type":"Person","@id":"https:\/\/www.archiv-frau-musik.de\/en\/#\/schema\/person\/098b86c964d3428203bd1fa833f8499f","name":"Susanne Wosnitzka","image":{"@type":"ImageObject","inLanguage":"fr-FR","@id":"https:\/\/secure.gravatar.com\/avatar\/4b8dc71d4a6bc86326708727ed7153c065df0707bac62859beeebe4c03021c70?s=96&d=identicon&r=g","url":"https:\/\/secure.gravatar.com\/avatar\/4b8dc71d4a6bc86326708727ed7153c065df0707bac62859beeebe4c03021c70?s=96&d=identicon&r=g","contentUrl":"https:\/\/secure.gravatar.com\/avatar\/4b8dc71d4a6bc86326708727ed7153c065df0707bac62859beeebe4c03021c70?s=96&d=identicon&r=g","caption":"Susanne Wosnitzka"},"sameAs":["https:\/\/www.susanne-wosnitzka.de"],"url":"https:\/\/www.archiv-frau-musik.de\/fr\/archives\/author\/wosnitzka"}]}},"_links":{"self":[{"href":"https:\/\/www.archiv-frau-musik.de\/fr\/wp-json\/wp\/v2\/posts\/3271","targetHints":{"allow":["GET"]}}],"collection":[{"href":"https:\/\/www.archiv-frau-musik.de\/fr\/wp-json\/wp\/v2\/posts"}],"about":[{"href":"https:\/\/www.archiv-frau-musik.de\/fr\/wp-json\/wp\/v2\/types\/post"}],"author":[{"embeddable":true,"href":"https:\/\/www.archiv-frau-musik.de\/fr\/wp-json\/wp\/v2\/users\/5"}],"replies":[{"embeddable":true,"href":"https:\/\/www.archiv-frau-musik.de\/fr\/wp-json\/wp\/v2\/comments?post=3271"}],"version-history":[{"count":1,"href":"https:\/\/www.archiv-frau-musik.de\/fr\/wp-json\/wp\/v2\/posts\/3271\/revisions"}],"predecessor-version":[{"id":5581,"href":"https:\/\/www.archiv-frau-musik.de\/fr\/wp-json\/wp\/v2\/posts\/3271\/revisions\/5581"}],"wp:attachment":[{"href":"https:\/\/www.archiv-frau-musik.de\/fr\/wp-json\/wp\/v2\/media?parent=3271"}],"wp:term":[{"taxonomy":"category","embeddable":true,"href":"https:\/\/www.archiv-frau-musik.de\/fr\/wp-json\/wp\/v2\/categories?post=3271"},{"taxonomy":"post_tag","embeddable":true,"href":"https:\/\/www.archiv-frau-musik.de\/fr\/wp-json\/wp\/v2\/tags?post=3271"}],"curies":[{"name":"wp","href":"https:\/\/api.w.org\/{rel}","templated":true}]}}