{"id":3248,"date":"2015-11-18T08:32:40","date_gmt":"2015-11-18T07:32:40","guid":{"rendered":"http:\/\/www.archiv-frau-musik.de\/?p=3248"},"modified":"2018-03-02T00:41:45","modified_gmt":"2018-03-01T23:41:45","slug":"20-22-11-2015-elektroakustische-komposition-raumklang-1-und-2-von-sibylle-pomorin","status":"publish","type":"post","link":"https:\/\/www.archiv-frau-musik.de\/fr\/archives\/20-22-11-2015-elektroakustische-komposition-raumklang-1-und-2-von-sibylle-pomorin","title":{"rendered":"20.-22.11.2015 elektroakustische Komposition \u00ab\u00a0Raumklang 1 und 2\u00a0\u00bb von Sibylle Pomorin"},"content":{"rendered":"<p style=\"text-align: justify;\">mehrfach t\u00e4glich zu h\u00f6ren auf dem H\u00f6rfest ECHOS+NETZE im Kunstquartier Bethanien<\/p>\n<p style=\"text-align: justify;\">Vernissage: Freitag 20.11. 17 Uhr im Studio 1 (Mariannenplatz 2, 10997 Berlin)<br \/>\nECHOS+NETZE: 20.-22. November<br \/>\n\u00d6ffnungszeiten: t\u00e4glich (auch Freitag!) 11 &#8211; 22h<\/p>\n<p style=\"text-align: justify;\">39 internationale Klangk\u00fcnstler_innen ziehen in die ehemalige Kapelle<br \/>\ndes Bethanien (Studio 1), um dort ihre k\u00fcnstlerischen Positionen zu pr\u00e4sentieren, die sie in Auseinandersetzung mit dem Raum und den ECHOS + NETZEN entwickelt haben.<br \/>\nDiese Arbeiten &#8211; Klanginstallationen, H\u00f6rst\u00fccke und Soundperformances &#8211; werden sie der \u00d6ffentlichkeit vom 20.-22. November 2015 pr\u00e4sentieren!<\/p>\n<p style=\"text-align: justify;\">Das Programm und Interviews mit den K\u00fcnstler_innen ist schon vorab zu h\u00f6ren auf<br \/>\n<a href=\"http:\/\/www.echosundnetze.de\" target=\"_blank\">www.echosundnetze.de<\/a><\/p>\n<p style=\"text-align: justify;\">Es gibt au\u00dferdem spannende Workshops, f\u00fcr die sich im Vorfeld angemeldet werden kann. Dies ist die Adresse daf\u00fcr workshop@echosundnetze.de<br \/>\nWir laden Euch ganz herzlich dazu ein, an diesem einmaligen Ereignis<br \/>\nteilzunehmen und<br \/>\nTeil von ECHOS + NETZE zu werden!<\/p>\n<p style=\"text-align: justify;\">Die Kurator\/innen von ECHOS+NETZE, aber auch alle, die an dem Festival beteiligt sind, freuen sich auf sch\u00f6ne Begegnungen und intensive Gespr\u00e4che \u00fcber queere Audiokunst.<br \/>\nSie sind entstanden aus quEAR!2011 und quEAR!2013, durch die ECHOS+NETZE in dieser Form m\u00f6glich ist.<\/p>\n","protected":false},"excerpt":{"rendered":"<p>mehrfach t\u00e4glich zu h\u00f6ren auf dem H\u00f6rfest ECHOS+NETZE im Kunstquartier Bethanien Vernissage: Freitag 20.11. 17 Uhr im Studio 1 (Mariannenplatz 2, 10997 Berlin) ECHOS+NETZE: 20.-22. November \u00d6ffnungszeiten: t\u00e4glich (auch Freitag!) 11 &#8211; 22h 39 internationale Klangk\u00fcnstler_innen ziehen in die ehemalige Kapelle des Bethanien (Studio 1), um dort ihre k\u00fcnstlerischen Positionen zu pr\u00e4sentieren, die sie in &#8230; <a title=\"20.-22.11.2015 elektroakustische Komposition \u00ab\u00a0Raumklang 1 und 2\u00a0\u00bb von Sibylle Pomorin\" class=\"read-more\" href=\"https:\/\/www.archiv-frau-musik.de\/fr\/archives\/20-22-11-2015-elektroakustische-komposition-raumklang-1-und-2-von-sibylle-pomorin\" aria-label=\"En savoir plus sur 20.-22.11.2015 elektroakustische Komposition \u00ab\u00a0Raumklang 1 und 2\u00a0\u00bb von Sibylle Pomorin\">Weiterlesen &#8230;<\/a><\/p>\n","protected":false},"author":5,"featured_media":0,"comment_status":"closed","ping_status":"closed","sticky":false,"template":"","format":"standard","meta":{"generate_page_header":"","footnotes":"","_wpscppro_dont_share_socialmedia":false,"_wpscppro_custom_social_share_image":0,"_facebook_share_type":"","_twitter_share_type":"","_linkedin_share_type":"","_pinterest_share_type":"","_linkedin_share_type_page":"","_instagram_share_type":"","_medium_share_type":"","_threads_share_type":"","_google_business_share_type":"","_selected_social_profile":[],"_wpsp_enable_custom_social_template":false,"_wpsp_social_scheduling":{"enabled":false,"datetime":null,"platforms":[],"status":"template_only","dateOption":"today","timeOption":"now","customDays":"","customHours":"","customDate":"","customTime":"","schedulingType":"absolute"},"_wpsp_active_default_template":true},"categories":[131],"tags":[],"class_list":["post-3248","post","type-post","status-publish","format-standard","hentry","category-veranstaltung","masonry-post","generate-columns","tablet-grid-50","mobile-grid-100","grid-parent","grid-33"],"yoast_head":"<!-- This site is optimized with the Yoast SEO plugin v27.5 - https:\/\/yoast.com\/product\/yoast-seo-wordpress\/ -->\n<title>20.-22.11.2015 elektroakustische Komposition &quot;Raumklang 1 und 2&quot; von Sibylle Pomorin &#8211; Archiv Frau und Musik<\/title>\n<meta name=\"robots\" content=\"index, follow, max-snippet:-1, max-image-preview:large, max-video-preview:-1\" \/>\n<link rel=\"canonical\" href=\"https:\/\/www.archiv-frau-musik.de\/fr\/archives\/20-22-11-2015-elektroakustische-komposition-raumklang-1-und-2-von-sibylle-pomorin\" \/>\n<meta property=\"og:locale\" content=\"fr_FR\" \/>\n<meta property=\"og:type\" content=\"article\" \/>\n<meta property=\"og:title\" content=\"20.-22.11.2015 elektroakustische Komposition &quot;Raumklang 1 und 2&quot; von Sibylle Pomorin &#8211; Archiv Frau und Musik\" \/>\n<meta property=\"og:description\" content=\"mehrfach t\u00e4glich zu h\u00f6ren auf dem H\u00f6rfest ECHOS+NETZE im Kunstquartier Bethanien Vernissage: Freitag 20.11. 17 Uhr im Studio 1 (Mariannenplatz 2, 10997 Berlin) ECHOS+NETZE: 20.-22. November \u00d6ffnungszeiten: t\u00e4glich (auch Freitag!) 11 &#8211; 22h 39 internationale Klangk\u00fcnstler_innen ziehen in die ehemalige Kapelle des Bethanien (Studio 1), um dort ihre k\u00fcnstlerischen Positionen zu pr\u00e4sentieren, die sie in ... Weiterlesen ...\" \/>\n<meta property=\"og:url\" content=\"https:\/\/www.archiv-frau-musik.de\/fr\/archives\/20-22-11-2015-elektroakustische-komposition-raumklang-1-und-2-von-sibylle-pomorin\" \/>\n<meta property=\"og:site_name\" content=\"Archiv Frau und Musik\" \/>\n<meta property=\"article:published_time\" content=\"2015-11-18T07:32:40+00:00\" \/>\n<meta property=\"article:modified_time\" content=\"2018-03-01T23:41:45+00:00\" \/>\n<meta name=\"author\" content=\"Susanne Wosnitzka\" \/>\n<meta name=\"twitter:card\" content=\"summary_large_image\" \/>\n<meta name=\"twitter:label1\" content=\"\u00c9crit par\" \/>\n\t<meta name=\"twitter:data1\" content=\"Susanne Wosnitzka\" \/>\n\t<meta name=\"twitter:label2\" content=\"Dur\u00e9e de lecture estim\u00e9e\" \/>\n\t<meta name=\"twitter:data2\" content=\"1 minute\" \/>\n<script type=\"application\/ld+json\" class=\"yoast-schema-graph\">{\"@context\":\"https:\\\/\\\/schema.org\",\"@graph\":[{\"@type\":\"Article\",\"@id\":\"https:\\\/\\\/www.archiv-frau-musik.de\\\/archives\\\/20-22-11-2015-elektroakustische-komposition-raumklang-1-und-2-von-sibylle-pomorin#article\",\"isPartOf\":{\"@id\":\"https:\\\/\\\/www.archiv-frau-musik.de\\\/archives\\\/20-22-11-2015-elektroakustische-komposition-raumklang-1-und-2-von-sibylle-pomorin\"},\"author\":{\"name\":\"Susanne Wosnitzka\",\"@id\":\"https:\\\/\\\/www.archiv-frau-musik.de\\\/en\\\/#\\\/schema\\\/person\\\/098b86c964d3428203bd1fa833f8499f\"},\"headline\":\"20.-22.11.2015 elektroakustische Komposition \u00ab\u00a0Raumklang 1 und 2\u00a0\u00bb von Sibylle Pomorin\",\"datePublished\":\"2015-11-18T07:32:40+00:00\",\"dateModified\":\"2018-03-01T23:41:45+00:00\",\"mainEntityOfPage\":{\"@id\":\"https:\\\/\\\/www.archiv-frau-musik.de\\\/archives\\\/20-22-11-2015-elektroakustische-komposition-raumklang-1-und-2-von-sibylle-pomorin\"},\"wordCount\":201,\"articleSection\":[\"Veranstaltung\"],\"inLanguage\":\"fr-FR\"},{\"@type\":\"WebPage\",\"@id\":\"https:\\\/\\\/www.archiv-frau-musik.de\\\/fr\\\/archives\\\/20-22-11-2015-elektroakustische-komposition-raumklang-1-und-2-von-sibylle-pomorin\",\"url\":\"https:\\\/\\\/www.archiv-frau-musik.de\\\/fr\\\/archives\\\/20-22-11-2015-elektroakustische-komposition-raumklang-1-und-2-von-sibylle-pomorin\",\"name\":\"20.-22.11.2015 elektroakustische Komposition \\\"Raumklang 1 und 2\\\" von Sibylle Pomorin &#8211; Archiv Frau und Musik\",\"isPartOf\":{\"@id\":\"https:\\\/\\\/www.archiv-frau-musik.de\\\/fr\\\/#website\"},\"datePublished\":\"2015-11-18T07:32:40+00:00\",\"dateModified\":\"2018-03-01T23:41:45+00:00\",\"author\":{\"@id\":\"https:\\\/\\\/www.archiv-frau-musik.de\\\/en\\\/#\\\/schema\\\/person\\\/098b86c964d3428203bd1fa833f8499f\"},\"breadcrumb\":{\"@id\":\"https:\\\/\\\/www.archiv-frau-musik.de\\\/fr\\\/archives\\\/20-22-11-2015-elektroakustische-komposition-raumklang-1-und-2-von-sibylle-pomorin#breadcrumb\"},\"inLanguage\":\"fr-FR\",\"potentialAction\":[{\"@type\":\"ReadAction\",\"target\":[[\"https:\\\/\\\/www.archiv-frau-musik.de\\\/fr\\\/archives\\\/20-22-11-2015-elektroakustische-komposition-raumklang-1-und-2-von-sibylle-pomorin\"]]}]},{\"@type\":\"BreadcrumbList\",\"@id\":\"https:\\\/\\\/www.archiv-frau-musik.de\\\/fr\\\/archives\\\/20-22-11-2015-elektroakustische-komposition-raumklang-1-und-2-von-sibylle-pomorin#breadcrumb\",\"itemListElement\":[{\"@type\":\"ListItem\",\"position\":1,\"name\":\"Startseite\",\"item\":\"https:\\\/\\\/www.archiv-frau-musik.de\\\/fr\\\/\"},{\"@type\":\"ListItem\",\"position\":2,\"name\":\"20.-22.11.2015 elektroakustische Komposition &#8220;Raumklang 1 und 2&#8221; von Sibylle Pomorin\"}]},{\"@type\":\"WebSite\",\"@id\":\"https:\\\/\\\/www.archiv-frau-musik.de\\\/fr\\\/#website\",\"url\":\"https:\\\/\\\/www.archiv-frau-musik.de\\\/fr\\\/\",\"name\":\"Archiv Frau und Musik\",\"description\":\"\",\"potentialAction\":[{\"@type\":\"SearchAction\",\"target\":{\"@type\":\"EntryPoint\",\"urlTemplate\":\"https:\\\/\\\/www.archiv-frau-musik.de\\\/fr\\\/?s={search_term_string}\"},\"query-input\":{\"@type\":\"PropertyValueSpecification\",\"valueRequired\":true,\"valueName\":\"search_term_string\"}}],\"inLanguage\":\"fr-FR\"},{\"@type\":\"Person\",\"@id\":\"https:\\\/\\\/www.archiv-frau-musik.de\\\/en\\\/#\\\/schema\\\/person\\\/098b86c964d3428203bd1fa833f8499f\",\"name\":\"Susanne Wosnitzka\",\"image\":{\"@type\":\"ImageObject\",\"inLanguage\":\"fr-FR\",\"@id\":\"https:\\\/\\\/secure.gravatar.com\\\/avatar\\\/4b8dc71d4a6bc86326708727ed7153c065df0707bac62859beeebe4c03021c70?s=96&d=identicon&r=g\",\"url\":\"https:\\\/\\\/secure.gravatar.com\\\/avatar\\\/4b8dc71d4a6bc86326708727ed7153c065df0707bac62859beeebe4c03021c70?s=96&d=identicon&r=g\",\"contentUrl\":\"https:\\\/\\\/secure.gravatar.com\\\/avatar\\\/4b8dc71d4a6bc86326708727ed7153c065df0707bac62859beeebe4c03021c70?s=96&d=identicon&r=g\",\"caption\":\"Susanne Wosnitzka\"},\"sameAs\":[\"https:\\\/\\\/www.susanne-wosnitzka.de\"],\"url\":\"https:\\\/\\\/www.archiv-frau-musik.de\\\/fr\\\/archives\\\/author\\\/wosnitzka\"}]}<\/script>\n<!-- \/ Yoast SEO plugin. -->","yoast_head_json":{"title":"20.-22.11.2015 elektroakustische Komposition \"Raumklang 1 und 2\" von Sibylle Pomorin &#8211; Archiv Frau und Musik","robots":{"index":"index","follow":"follow","max-snippet":"max-snippet:-1","max-image-preview":"max-image-preview:large","max-video-preview":"max-video-preview:-1"},"canonical":"https:\/\/www.archiv-frau-musik.de\/fr\/archives\/20-22-11-2015-elektroakustische-komposition-raumklang-1-und-2-von-sibylle-pomorin","og_locale":"fr_FR","og_type":"article","og_title":"20.-22.11.2015 elektroakustische Komposition \"Raumklang 1 und 2\" von Sibylle Pomorin &#8211; Archiv Frau und Musik","og_description":"mehrfach t\u00e4glich zu h\u00f6ren auf dem H\u00f6rfest ECHOS+NETZE im Kunstquartier Bethanien Vernissage: Freitag 20.11. 17 Uhr im Studio 1 (Mariannenplatz 2, 10997 Berlin) ECHOS+NETZE: 20.-22. November \u00d6ffnungszeiten: t\u00e4glich (auch Freitag!) 11 &#8211; 22h 39 internationale Klangk\u00fcnstler_innen ziehen in die ehemalige Kapelle des Bethanien (Studio 1), um dort ihre k\u00fcnstlerischen Positionen zu pr\u00e4sentieren, die sie in ... Weiterlesen ...","og_url":"https:\/\/www.archiv-frau-musik.de\/fr\/archives\/20-22-11-2015-elektroakustische-komposition-raumklang-1-und-2-von-sibylle-pomorin","og_site_name":"Archiv Frau und Musik","article_published_time":"2015-11-18T07:32:40+00:00","article_modified_time":"2018-03-01T23:41:45+00:00","author":"Susanne Wosnitzka","twitter_card":"summary_large_image","twitter_misc":{"\u00c9crit par":"Susanne Wosnitzka","Dur\u00e9e de lecture estim\u00e9e":"1 minute"},"schema":{"@context":"https:\/\/schema.org","@graph":[{"@type":"Article","@id":"https:\/\/www.archiv-frau-musik.de\/archives\/20-22-11-2015-elektroakustische-komposition-raumklang-1-und-2-von-sibylle-pomorin#article","isPartOf":{"@id":"https:\/\/www.archiv-frau-musik.de\/archives\/20-22-11-2015-elektroakustische-komposition-raumklang-1-und-2-von-sibylle-pomorin"},"author":{"name":"Susanne Wosnitzka","@id":"https:\/\/www.archiv-frau-musik.de\/en\/#\/schema\/person\/098b86c964d3428203bd1fa833f8499f"},"headline":"20.-22.11.2015 elektroakustische Komposition \u00ab\u00a0Raumklang 1 und 2\u00a0\u00bb von Sibylle Pomorin","datePublished":"2015-11-18T07:32:40+00:00","dateModified":"2018-03-01T23:41:45+00:00","mainEntityOfPage":{"@id":"https:\/\/www.archiv-frau-musik.de\/archives\/20-22-11-2015-elektroakustische-komposition-raumklang-1-und-2-von-sibylle-pomorin"},"wordCount":201,"articleSection":["Veranstaltung"],"inLanguage":"fr-FR"},{"@type":"WebPage","@id":"https:\/\/www.archiv-frau-musik.de\/fr\/archives\/20-22-11-2015-elektroakustische-komposition-raumklang-1-und-2-von-sibylle-pomorin","url":"https:\/\/www.archiv-frau-musik.de\/fr\/archives\/20-22-11-2015-elektroakustische-komposition-raumklang-1-und-2-von-sibylle-pomorin","name":"20.-22.11.2015 elektroakustische Komposition \"Raumklang 1 und 2\" von Sibylle Pomorin &#8211; Archiv Frau und Musik","isPartOf":{"@id":"https:\/\/www.archiv-frau-musik.de\/fr\/#website"},"datePublished":"2015-11-18T07:32:40+00:00","dateModified":"2018-03-01T23:41:45+00:00","author":{"@id":"https:\/\/www.archiv-frau-musik.de\/en\/#\/schema\/person\/098b86c964d3428203bd1fa833f8499f"},"breadcrumb":{"@id":"https:\/\/www.archiv-frau-musik.de\/fr\/archives\/20-22-11-2015-elektroakustische-komposition-raumklang-1-und-2-von-sibylle-pomorin#breadcrumb"},"inLanguage":"fr-FR","potentialAction":[{"@type":"ReadAction","target":[["https:\/\/www.archiv-frau-musik.de\/fr\/archives\/20-22-11-2015-elektroakustische-komposition-raumklang-1-und-2-von-sibylle-pomorin"]]}]},{"@type":"BreadcrumbList","@id":"https:\/\/www.archiv-frau-musik.de\/fr\/archives\/20-22-11-2015-elektroakustische-komposition-raumklang-1-und-2-von-sibylle-pomorin#breadcrumb","itemListElement":[{"@type":"ListItem","position":1,"name":"Startseite","item":"https:\/\/www.archiv-frau-musik.de\/fr\/"},{"@type":"ListItem","position":2,"name":"20.-22.11.2015 elektroakustische Komposition &#8220;Raumklang 1 und 2&#8221; von Sibylle Pomorin"}]},{"@type":"WebSite","@id":"https:\/\/www.archiv-frau-musik.de\/fr\/#website","url":"https:\/\/www.archiv-frau-musik.de\/fr\/","name":"Archiv Frau und Musik","description":"","potentialAction":[{"@type":"SearchAction","target":{"@type":"EntryPoint","urlTemplate":"https:\/\/www.archiv-frau-musik.de\/fr\/?s={search_term_string}"},"query-input":{"@type":"PropertyValueSpecification","valueRequired":true,"valueName":"search_term_string"}}],"inLanguage":"fr-FR"},{"@type":"Person","@id":"https:\/\/www.archiv-frau-musik.de\/en\/#\/schema\/person\/098b86c964d3428203bd1fa833f8499f","name":"Susanne Wosnitzka","image":{"@type":"ImageObject","inLanguage":"fr-FR","@id":"https:\/\/secure.gravatar.com\/avatar\/4b8dc71d4a6bc86326708727ed7153c065df0707bac62859beeebe4c03021c70?s=96&d=identicon&r=g","url":"https:\/\/secure.gravatar.com\/avatar\/4b8dc71d4a6bc86326708727ed7153c065df0707bac62859beeebe4c03021c70?s=96&d=identicon&r=g","contentUrl":"https:\/\/secure.gravatar.com\/avatar\/4b8dc71d4a6bc86326708727ed7153c065df0707bac62859beeebe4c03021c70?s=96&d=identicon&r=g","caption":"Susanne Wosnitzka"},"sameAs":["https:\/\/www.susanne-wosnitzka.de"],"url":"https:\/\/www.archiv-frau-musik.de\/fr\/archives\/author\/wosnitzka"}]}},"_links":{"self":[{"href":"https:\/\/www.archiv-frau-musik.de\/fr\/wp-json\/wp\/v2\/posts\/3248","targetHints":{"allow":["GET"]}}],"collection":[{"href":"https:\/\/www.archiv-frau-musik.de\/fr\/wp-json\/wp\/v2\/posts"}],"about":[{"href":"https:\/\/www.archiv-frau-musik.de\/fr\/wp-json\/wp\/v2\/types\/post"}],"author":[{"embeddable":true,"href":"https:\/\/www.archiv-frau-musik.de\/fr\/wp-json\/wp\/v2\/users\/5"}],"replies":[{"embeddable":true,"href":"https:\/\/www.archiv-frau-musik.de\/fr\/wp-json\/wp\/v2\/comments?post=3248"}],"version-history":[{"count":1,"href":"https:\/\/www.archiv-frau-musik.de\/fr\/wp-json\/wp\/v2\/posts\/3248\/revisions"}],"predecessor-version":[{"id":5585,"href":"https:\/\/www.archiv-frau-musik.de\/fr\/wp-json\/wp\/v2\/posts\/3248\/revisions\/5585"}],"wp:attachment":[{"href":"https:\/\/www.archiv-frau-musik.de\/fr\/wp-json\/wp\/v2\/media?parent=3248"}],"wp:term":[{"taxonomy":"category","embeddable":true,"href":"https:\/\/www.archiv-frau-musik.de\/fr\/wp-json\/wp\/v2\/categories?post=3248"},{"taxonomy":"post_tag","embeddable":true,"href":"https:\/\/www.archiv-frau-musik.de\/fr\/wp-json\/wp\/v2\/tags?post=3248"}],"curies":[{"name":"wp","href":"https:\/\/api.w.org\/{rel}","templated":true}]}}