{"id":3234,"date":"2015-11-13T13:00:49","date_gmt":"2015-11-13T12:00:49","guid":{"rendered":"http:\/\/www.archiv-frau-musik.de\/?p=3234"},"modified":"2023-11-14T09:51:47","modified_gmt":"2023-11-14T08:51:47","slug":"phoenix-der-kunstpreis-fuer-nachwuchskuenstler","status":"publish","type":"post","link":"https:\/\/www.archiv-frau-musik.de\/fr\/archives\/phoenix-der-kunstpreis-fuer-nachwuchskuenstler","title":{"rendered":"PH\u00d6NIX \u2013 der Kunstpreis f\u00fcr Nachwuchsk\u00fcnstler"},"content":{"rendered":"<div style=\"text-align: justify;\"><strong>Bewerbungsfrist l\u00e4uft bis 31.12.2015: PH\u00d6NIX \u2013 der Kunstpreis f\u00fcr Nachwuchsk\u00fcnstler<\/strong><\/div>\n<div style=\"text-align: justify;\">Zum 10. Mal wird der &lsquo;PH\u00d6NIX \u2500 Kunstpreis f\u00fcr Nachwuchsk\u00fcnstler&rsquo; von eurobuch.com und der Evangelischen Akademie Tutzing ausgelobt. Der Preis ist mit 20.000 EURO dotiert. Bewerbungsschluss ist der 31.12.2015.<\/div>\n<div style=\"text-align: justify;\"><\/div>\n<div style=\"text-align: justify;\">\u201eMit dem PH\u00d6NIX wollen wir K\u00fcnstler, die den Durchbruch noch vor sich haben, durch Ankauf von Kunst in H\u00f6he von 20.000 Euro f\u00f6rdern. Die Preistr\u00e4ger werden durch fortw\u00e4hrende Ausstellung ihrer Werke, Pressearbeit und langfristige Begleitung ihrer Aktivit\u00e4ten unterst\u00fctzt. Diese hohe und nachhaltige F\u00f6rderung macht den Preis einzigartig\u201c, sagt Richard von Rheinbaben, Aufsichtsratsvorsitzender der Eurobuch GmbH, Betreiber der Buchsuche eurobuch.com.<\/div>\n<div style=\"text-align: justify;\"><\/div>\n<div style=\"text-align: justify;\">Stefan Schiek, Anija Seedler, Dominik Heim, Ulrich Vogl, Ulrike Heydenreich, Simon Schubert, Wilhelm Neusser, Angela Glajcar und Gereon Krebber, beweisen, dass dieses F\u00f6rderkonzept aufgeht. Die Preistr\u00e4gerInnen der vergangenen Jahre haben ihre Chancen genutzt und weisen u.a. museale Einzelausstellungen, Gastprofessuren, erfolgreiche Messebeteiligungen im In- und Ausland vor.<\/div>\n<div style=\"text-align: justify;\"><\/div>\n<div style=\"text-align: justify;\">F\u00fcr die Ausschreibung 2016 k\u00f6nnen sich wieder K\u00fcnstler aus dem deutschsprachigen Raum und Deutsche, die sich im Ausland befinden, bewerben. Zugelassen sind Werke der Bildenden Kunst. Informationen zum Preis und den Teilnahmebedingungen k\u00f6nnen auf www.ph\u00f6nix-kunstpreis.de eingesehen oder direkt bei der Kunstbeauftragten der mediantis AG, Frau Dr. Barbara Haubold, per Mail angefordert werden (<a class=\"mailto-link\" href=\"mailto:info@barbara-haubold.de\" target=\"_blank\" rel=\"noopener\">info@barbara-haubold.de<\/a>) .<\/div>\n<div style=\"text-align: justify;\"><\/div>\n<div style=\"text-align: justify;\">Seit 2005 haben sich \u00fcber 2600 K\u00fcnstler aus Deutschland, \u00d6sterreich, der Schweiz, den USA, aber auch aus Argentinien und bis nach Afghanistan um den Preis beworben. Die Jury &#8211; bestehend aus Dr. Hellmut Kirchner, Ursula von Rheinbaben, Daniel J. Schreiber und Judith Stumptner \u2013 entscheidet im Februar 2016 \u00fcber den neuen Preistr\u00e4ger.<\/div>\n<div style=\"text-align: justify;\"><\/div>\n<div style=\"text-align: justify;\">Pressekontakt:<br \/>\neurobuch.com \u2013 Die Buch-Such-Maschine<br \/>\nDr. Barbara Haubold<br \/>\nHauptstra\u00dfe 2<br \/>\nD-82327 Tutzing<br \/>\nTel.: +49-(0)8158-903460<br \/>\nFax: +49-(0)8158-903461<br \/>\n<a class=\"mailto-link\" href=\"mailto:info@barbara.haubold.de\" target=\"_blank\" rel=\"noopener\">info@barbara.haubold.de<\/a><\/div>\n","protected":false},"excerpt":{"rendered":"<p>Bewerbungsfrist l\u00e4uft bis 31.12.2015: PH\u00d6NIX \u2013 der Kunstpreis f\u00fcr Nachwuchsk\u00fcnstler Zum 10. Mal wird der &lsquo;PH\u00d6NIX \u2500 Kunstpreis f\u00fcr Nachwuchsk\u00fcnstler&rsquo; von eurobuch.com und der Evangelischen Akademie Tutzing ausgelobt. Der Preis ist mit 20.000 EURO dotiert. Bewerbungsschluss ist der 31.12.2015. \u201eMit dem PH\u00d6NIX wollen wir K\u00fcnstler, die den Durchbruch noch vor sich haben, durch Ankauf von &#8230; <a title=\"PH\u00d6NIX \u2013 der Kunstpreis f\u00fcr Nachwuchsk\u00fcnstler\" class=\"read-more\" href=\"https:\/\/www.archiv-frau-musik.de\/fr\/archives\/phoenix-der-kunstpreis-fuer-nachwuchskuenstler\" aria-label=\"En savoir plus sur PH\u00d6NIX \u2013 der Kunstpreis f\u00fcr Nachwuchsk\u00fcnstler\">Weiterlesen &#8230;<\/a><\/p>\n","protected":false},"author":5,"featured_media":0,"comment_status":"closed","ping_status":"closed","sticky":false,"template":"","format":"standard","meta":{"generate_page_header":"","footnotes":"","_wpscppro_dont_share_socialmedia":false,"_wpscppro_custom_social_share_image":0,"_facebook_share_type":"","_twitter_share_type":"","_linkedin_share_type":"","_pinterest_share_type":"","_linkedin_share_type_page":"","_instagram_share_type":"","_medium_share_type":"","_threads_share_type":"","_google_business_share_type":"","_selected_social_profile":[],"_wpsp_enable_custom_social_template":false,"_wpsp_social_scheduling":{"enabled":false,"datetime":null,"platforms":[],"status":"template_only","dateOption":"today","timeOption":"now","customDays":"","customHours":"","customDate":"","customTime":"","schedulingType":"absolute"},"_wpsp_active_default_template":true},"categories":[129],"tags":[],"class_list":["post-3234","post","type-post","status-publish","format-standard","hentry","category-news","masonry-post","generate-columns","tablet-grid-50","mobile-grid-100","grid-parent","grid-33"],"yoast_head":"<!-- This site is optimized with the Yoast SEO plugin v27.5 - https:\/\/yoast.com\/product\/yoast-seo-wordpress\/ -->\n<title>PH\u00d6NIX \u2013 der Kunstpreis f\u00fcr Nachwuchsk\u00fcnstler &#8211; Archiv Frau und Musik<\/title>\n<meta name=\"robots\" content=\"index, follow, max-snippet:-1, max-image-preview:large, max-video-preview:-1\" \/>\n<link rel=\"canonical\" href=\"https:\/\/www.archiv-frau-musik.de\/fr\/archives\/phoenix-der-kunstpreis-fuer-nachwuchskuenstler\" \/>\n<meta property=\"og:locale\" content=\"fr_FR\" \/>\n<meta property=\"og:type\" content=\"article\" \/>\n<meta property=\"og:title\" content=\"PH\u00d6NIX \u2013 der Kunstpreis f\u00fcr Nachwuchsk\u00fcnstler &#8211; Archiv Frau und Musik\" \/>\n<meta property=\"og:description\" content=\"Bewerbungsfrist l\u00e4uft bis 31.12.2015: PH\u00d6NIX \u2013 der Kunstpreis f\u00fcr Nachwuchsk\u00fcnstler Zum 10. Mal wird der &lsquo;PH\u00d6NIX \u2500 Kunstpreis f\u00fcr Nachwuchsk\u00fcnstler&rsquo; von eurobuch.com und der Evangelischen Akademie Tutzing ausgelobt. Der Preis ist mit 20.000 EURO dotiert. Bewerbungsschluss ist der 31.12.2015. \u201eMit dem PH\u00d6NIX wollen wir K\u00fcnstler, die den Durchbruch noch vor sich haben, durch Ankauf von ... Weiterlesen ...\" \/>\n<meta property=\"og:url\" content=\"https:\/\/www.archiv-frau-musik.de\/fr\/archives\/phoenix-der-kunstpreis-fuer-nachwuchskuenstler\" \/>\n<meta property=\"og:site_name\" content=\"Archiv Frau und Musik\" \/>\n<meta property=\"article:published_time\" content=\"2015-11-13T12:00:49+00:00\" \/>\n<meta property=\"article:modified_time\" content=\"2023-11-14T08:51:47+00:00\" \/>\n<meta name=\"author\" content=\"Susanne Wosnitzka\" \/>\n<meta name=\"twitter:card\" content=\"summary_large_image\" \/>\n<meta name=\"twitter:label1\" content=\"\u00c9crit par\" \/>\n\t<meta name=\"twitter:data1\" content=\"Susanne Wosnitzka\" \/>\n\t<meta name=\"twitter:label2\" content=\"Dur\u00e9e de lecture estim\u00e9e\" \/>\n\t<meta name=\"twitter:data2\" content=\"1 minute\" \/>\n<script type=\"application\/ld+json\" class=\"yoast-schema-graph\">{\"@context\":\"https:\\\/\\\/schema.org\",\"@graph\":[{\"@type\":\"Article\",\"@id\":\"https:\\\/\\\/www.archiv-frau-musik.de\\\/archives\\\/phoenix-der-kunstpreis-fuer-nachwuchskuenstler#article\",\"isPartOf\":{\"@id\":\"https:\\\/\\\/www.archiv-frau-musik.de\\\/archives\\\/phoenix-der-kunstpreis-fuer-nachwuchskuenstler\"},\"author\":{\"name\":\"Susanne Wosnitzka\",\"@id\":\"https:\\\/\\\/www.archiv-frau-musik.de\\\/en\\\/#\\\/schema\\\/person\\\/098b86c964d3428203bd1fa833f8499f\"},\"headline\":\"PH\u00d6NIX \u2013 der Kunstpreis f\u00fcr Nachwuchsk\u00fcnstler\",\"datePublished\":\"2015-11-13T12:00:49+00:00\",\"dateModified\":\"2023-11-14T08:51:47+00:00\",\"mainEntityOfPage\":{\"@id\":\"https:\\\/\\\/www.archiv-frau-musik.de\\\/archives\\\/phoenix-der-kunstpreis-fuer-nachwuchskuenstler\"},\"wordCount\":299,\"articleSection\":[\"News\"],\"inLanguage\":\"fr-FR\"},{\"@type\":\"WebPage\",\"@id\":\"https:\\\/\\\/www.archiv-frau-musik.de\\\/fr\\\/archives\\\/phoenix-der-kunstpreis-fuer-nachwuchskuenstler\",\"url\":\"https:\\\/\\\/www.archiv-frau-musik.de\\\/fr\\\/archives\\\/phoenix-der-kunstpreis-fuer-nachwuchskuenstler\",\"name\":\"PH\u00d6NIX \u2013 der Kunstpreis f\u00fcr Nachwuchsk\u00fcnstler &#8211; Archiv Frau und Musik\",\"isPartOf\":{\"@id\":\"https:\\\/\\\/www.archiv-frau-musik.de\\\/fr\\\/#website\"},\"datePublished\":\"2015-11-13T12:00:49+00:00\",\"dateModified\":\"2023-11-14T08:51:47+00:00\",\"author\":{\"@id\":\"https:\\\/\\\/www.archiv-frau-musik.de\\\/en\\\/#\\\/schema\\\/person\\\/098b86c964d3428203bd1fa833f8499f\"},\"breadcrumb\":{\"@id\":\"https:\\\/\\\/www.archiv-frau-musik.de\\\/fr\\\/archives\\\/phoenix-der-kunstpreis-fuer-nachwuchskuenstler#breadcrumb\"},\"inLanguage\":\"fr-FR\",\"potentialAction\":[{\"@type\":\"ReadAction\",\"target\":[[\"https:\\\/\\\/www.archiv-frau-musik.de\\\/fr\\\/archives\\\/phoenix-der-kunstpreis-fuer-nachwuchskuenstler\"]]}]},{\"@type\":\"BreadcrumbList\",\"@id\":\"https:\\\/\\\/www.archiv-frau-musik.de\\\/fr\\\/archives\\\/phoenix-der-kunstpreis-fuer-nachwuchskuenstler#breadcrumb\",\"itemListElement\":[{\"@type\":\"ListItem\",\"position\":1,\"name\":\"Startseite\",\"item\":\"https:\\\/\\\/www.archiv-frau-musik.de\\\/fr\\\/\"},{\"@type\":\"ListItem\",\"position\":2,\"name\":\"PH\u00d6NIX \u2013 der Kunstpreis f\u00fcr Nachwuchsk\u00fcnstler\"}]},{\"@type\":\"WebSite\",\"@id\":\"https:\\\/\\\/www.archiv-frau-musik.de\\\/fr\\\/#website\",\"url\":\"https:\\\/\\\/www.archiv-frau-musik.de\\\/fr\\\/\",\"name\":\"Archiv Frau und Musik\",\"description\":\"\",\"potentialAction\":[{\"@type\":\"SearchAction\",\"target\":{\"@type\":\"EntryPoint\",\"urlTemplate\":\"https:\\\/\\\/www.archiv-frau-musik.de\\\/fr\\\/?s={search_term_string}\"},\"query-input\":{\"@type\":\"PropertyValueSpecification\",\"valueRequired\":true,\"valueName\":\"search_term_string\"}}],\"inLanguage\":\"fr-FR\"},{\"@type\":\"Person\",\"@id\":\"https:\\\/\\\/www.archiv-frau-musik.de\\\/en\\\/#\\\/schema\\\/person\\\/098b86c964d3428203bd1fa833f8499f\",\"name\":\"Susanne Wosnitzka\",\"image\":{\"@type\":\"ImageObject\",\"inLanguage\":\"fr-FR\",\"@id\":\"https:\\\/\\\/secure.gravatar.com\\\/avatar\\\/4b8dc71d4a6bc86326708727ed7153c065df0707bac62859beeebe4c03021c70?s=96&d=identicon&r=g\",\"url\":\"https:\\\/\\\/secure.gravatar.com\\\/avatar\\\/4b8dc71d4a6bc86326708727ed7153c065df0707bac62859beeebe4c03021c70?s=96&d=identicon&r=g\",\"contentUrl\":\"https:\\\/\\\/secure.gravatar.com\\\/avatar\\\/4b8dc71d4a6bc86326708727ed7153c065df0707bac62859beeebe4c03021c70?s=96&d=identicon&r=g\",\"caption\":\"Susanne Wosnitzka\"},\"sameAs\":[\"https:\\\/\\\/www.susanne-wosnitzka.de\"],\"url\":\"https:\\\/\\\/www.archiv-frau-musik.de\\\/fr\\\/archives\\\/author\\\/wosnitzka\"}]}<\/script>\n<!-- \/ Yoast SEO plugin. -->","yoast_head_json":{"title":"PH\u00d6NIX \u2013 der Kunstpreis f\u00fcr Nachwuchsk\u00fcnstler &#8211; Archiv Frau und Musik","robots":{"index":"index","follow":"follow","max-snippet":"max-snippet:-1","max-image-preview":"max-image-preview:large","max-video-preview":"max-video-preview:-1"},"canonical":"https:\/\/www.archiv-frau-musik.de\/fr\/archives\/phoenix-der-kunstpreis-fuer-nachwuchskuenstler","og_locale":"fr_FR","og_type":"article","og_title":"PH\u00d6NIX \u2013 der Kunstpreis f\u00fcr Nachwuchsk\u00fcnstler &#8211; Archiv Frau und Musik","og_description":"Bewerbungsfrist l\u00e4uft bis 31.12.2015: PH\u00d6NIX \u2013 der Kunstpreis f\u00fcr Nachwuchsk\u00fcnstler Zum 10. Mal wird der &lsquo;PH\u00d6NIX \u2500 Kunstpreis f\u00fcr Nachwuchsk\u00fcnstler&rsquo; von eurobuch.com und der Evangelischen Akademie Tutzing ausgelobt. Der Preis ist mit 20.000 EURO dotiert. Bewerbungsschluss ist der 31.12.2015. \u201eMit dem PH\u00d6NIX wollen wir K\u00fcnstler, die den Durchbruch noch vor sich haben, durch Ankauf von ... Weiterlesen ...","og_url":"https:\/\/www.archiv-frau-musik.de\/fr\/archives\/phoenix-der-kunstpreis-fuer-nachwuchskuenstler","og_site_name":"Archiv Frau und Musik","article_published_time":"2015-11-13T12:00:49+00:00","article_modified_time":"2023-11-14T08:51:47+00:00","author":"Susanne Wosnitzka","twitter_card":"summary_large_image","twitter_misc":{"\u00c9crit par":"Susanne Wosnitzka","Dur\u00e9e de lecture estim\u00e9e":"1 minute"},"schema":{"@context":"https:\/\/schema.org","@graph":[{"@type":"Article","@id":"https:\/\/www.archiv-frau-musik.de\/archives\/phoenix-der-kunstpreis-fuer-nachwuchskuenstler#article","isPartOf":{"@id":"https:\/\/www.archiv-frau-musik.de\/archives\/phoenix-der-kunstpreis-fuer-nachwuchskuenstler"},"author":{"name":"Susanne Wosnitzka","@id":"https:\/\/www.archiv-frau-musik.de\/en\/#\/schema\/person\/098b86c964d3428203bd1fa833f8499f"},"headline":"PH\u00d6NIX \u2013 der Kunstpreis f\u00fcr Nachwuchsk\u00fcnstler","datePublished":"2015-11-13T12:00:49+00:00","dateModified":"2023-11-14T08:51:47+00:00","mainEntityOfPage":{"@id":"https:\/\/www.archiv-frau-musik.de\/archives\/phoenix-der-kunstpreis-fuer-nachwuchskuenstler"},"wordCount":299,"articleSection":["News"],"inLanguage":"fr-FR"},{"@type":"WebPage","@id":"https:\/\/www.archiv-frau-musik.de\/fr\/archives\/phoenix-der-kunstpreis-fuer-nachwuchskuenstler","url":"https:\/\/www.archiv-frau-musik.de\/fr\/archives\/phoenix-der-kunstpreis-fuer-nachwuchskuenstler","name":"PH\u00d6NIX \u2013 der Kunstpreis f\u00fcr Nachwuchsk\u00fcnstler &#8211; Archiv Frau und Musik","isPartOf":{"@id":"https:\/\/www.archiv-frau-musik.de\/fr\/#website"},"datePublished":"2015-11-13T12:00:49+00:00","dateModified":"2023-11-14T08:51:47+00:00","author":{"@id":"https:\/\/www.archiv-frau-musik.de\/en\/#\/schema\/person\/098b86c964d3428203bd1fa833f8499f"},"breadcrumb":{"@id":"https:\/\/www.archiv-frau-musik.de\/fr\/archives\/phoenix-der-kunstpreis-fuer-nachwuchskuenstler#breadcrumb"},"inLanguage":"fr-FR","potentialAction":[{"@type":"ReadAction","target":[["https:\/\/www.archiv-frau-musik.de\/fr\/archives\/phoenix-der-kunstpreis-fuer-nachwuchskuenstler"]]}]},{"@type":"BreadcrumbList","@id":"https:\/\/www.archiv-frau-musik.de\/fr\/archives\/phoenix-der-kunstpreis-fuer-nachwuchskuenstler#breadcrumb","itemListElement":[{"@type":"ListItem","position":1,"name":"Startseite","item":"https:\/\/www.archiv-frau-musik.de\/fr\/"},{"@type":"ListItem","position":2,"name":"PH\u00d6NIX \u2013 der Kunstpreis f\u00fcr Nachwuchsk\u00fcnstler"}]},{"@type":"WebSite","@id":"https:\/\/www.archiv-frau-musik.de\/fr\/#website","url":"https:\/\/www.archiv-frau-musik.de\/fr\/","name":"Archiv Frau und Musik","description":"","potentialAction":[{"@type":"SearchAction","target":{"@type":"EntryPoint","urlTemplate":"https:\/\/www.archiv-frau-musik.de\/fr\/?s={search_term_string}"},"query-input":{"@type":"PropertyValueSpecification","valueRequired":true,"valueName":"search_term_string"}}],"inLanguage":"fr-FR"},{"@type":"Person","@id":"https:\/\/www.archiv-frau-musik.de\/en\/#\/schema\/person\/098b86c964d3428203bd1fa833f8499f","name":"Susanne Wosnitzka","image":{"@type":"ImageObject","inLanguage":"fr-FR","@id":"https:\/\/secure.gravatar.com\/avatar\/4b8dc71d4a6bc86326708727ed7153c065df0707bac62859beeebe4c03021c70?s=96&d=identicon&r=g","url":"https:\/\/secure.gravatar.com\/avatar\/4b8dc71d4a6bc86326708727ed7153c065df0707bac62859beeebe4c03021c70?s=96&d=identicon&r=g","contentUrl":"https:\/\/secure.gravatar.com\/avatar\/4b8dc71d4a6bc86326708727ed7153c065df0707bac62859beeebe4c03021c70?s=96&d=identicon&r=g","caption":"Susanne Wosnitzka"},"sameAs":["https:\/\/www.susanne-wosnitzka.de"],"url":"https:\/\/www.archiv-frau-musik.de\/fr\/archives\/author\/wosnitzka"}]}},"_links":{"self":[{"href":"https:\/\/www.archiv-frau-musik.de\/fr\/wp-json\/wp\/v2\/posts\/3234","targetHints":{"allow":["GET"]}}],"collection":[{"href":"https:\/\/www.archiv-frau-musik.de\/fr\/wp-json\/wp\/v2\/posts"}],"about":[{"href":"https:\/\/www.archiv-frau-musik.de\/fr\/wp-json\/wp\/v2\/types\/post"}],"author":[{"embeddable":true,"href":"https:\/\/www.archiv-frau-musik.de\/fr\/wp-json\/wp\/v2\/users\/5"}],"replies":[{"embeddable":true,"href":"https:\/\/www.archiv-frau-musik.de\/fr\/wp-json\/wp\/v2\/comments?post=3234"}],"version-history":[{"count":2,"href":"https:\/\/www.archiv-frau-musik.de\/fr\/wp-json\/wp\/v2\/posts\/3234\/revisions"}],"predecessor-version":[{"id":10581,"href":"https:\/\/www.archiv-frau-musik.de\/fr\/wp-json\/wp\/v2\/posts\/3234\/revisions\/10581"}],"wp:attachment":[{"href":"https:\/\/www.archiv-frau-musik.de\/fr\/wp-json\/wp\/v2\/media?parent=3234"}],"wp:term":[{"taxonomy":"category","embeddable":true,"href":"https:\/\/www.archiv-frau-musik.de\/fr\/wp-json\/wp\/v2\/categories?post=3234"},{"taxonomy":"post_tag","embeddable":true,"href":"https:\/\/www.archiv-frau-musik.de\/fr\/wp-json\/wp\/v2\/tags?post=3234"}],"curies":[{"name":"wp","href":"https:\/\/api.w.org\/{rel}","templated":true}]}}