{"id":16543,"date":"2026-03-11T18:45:45","date_gmt":"2026-03-11T17:45:45","guid":{"rendered":"https:\/\/www.archiv-frau-musik.de\/?p=16543"},"modified":"2026-03-12T16:01:15","modified_gmt":"2026-03-12T15:01:15","slug":"weltfrauentag-in-frankfurt-main-rueckschau","status":"publish","type":"post","link":"https:\/\/www.archiv-frau-musik.de\/fr\/archives\/weltfrauentag-in-frankfurt-main-rueckschau","title":{"rendered":"(Deutsch) Weltfrauentag in Frankfurt\/Main | R\u00fcckschau auf Musikalisches"},"content":{"rendered":"<p class=\"qtranxs-available-languages-message qtranxs-available-languages-message-fr\">D\u00e9sol\u00e9, cet article est seulement disponible en <a href=\"https:\/\/www.archiv-frau-musik.de\/de\/wp-json\/wp\/v2\/posts\/16543\" class=\"qtranxs-available-language-link qtranxs-available-language-link-de\" title=\"Deutsch\">Deutsch<\/a>.<\/p>","protected":false},"excerpt":{"rendered":"<p>D\u00e9sol\u00e9, cet article est seulement disponible en Deutsch.<\/p>\n","protected":false},"author":5,"featured_media":0,"comment_status":"open","ping_status":"open","sticky":false,"template":"","format":"standard","meta":{"generate_page_header":"","footnotes":"","_wpscppro_dont_share_socialmedia":null,"_wpscppro_custom_social_share_image":0,"_facebook_share_type":"default","_twitter_share_type":"default","_linkedin_share_type":"default","_pinterest_share_type":"default","_linkedin_share_type_page":"","_instagram_share_type":"default","_medium_share_type":"default","_threads_share_type":"default","_google_business_share_type":"default","_selected_social_profile":[],"_wpsp_enable_custom_social_template":false,"_wpsp_social_scheduling":{"enabled":false,"datetime":null,"platforms":[],"status":"template_only","dateOption":"today","timeOption":"now","customDays":"","customHours":"","customDate":"","customTime":"","schedulingType":"absolute"},"_wpsp_active_default_template":true},"categories":[229],"tags":[934,1331,1430,865,2459,151,2449,2275,2458,2342,2460,1477,1056,2461,1165,242],"class_list":["post-16543","post","type-post","status-publish","format-standard","hentry","category-blog","tag-bdlo","tag-dorothea-hofmann","tag-dr-hochs","tag-ethel-smyth","tag-fanni-muelot","tag-frankfurt","tag-fridemann-leipold","tag-jorunn-vidar","tag-letizie-turini","tag-lhlo","tag-madama-butterfly","tag-marianne-martines","tag-mary-ellen-kitchens","tag-paulskirche","tag-weltfrauentag","tag-werkstattkonzert","masonry-post","generate-columns","tablet-grid-50","mobile-grid-100","grid-parent","grid-33"],"yoast_head":"<!-- This site is optimized with the Yoast SEO plugin v27.4 - https:\/\/yoast.com\/product\/yoast-seo-wordpress\/ -->\n<title>(Deutsch) Weltfrauentag in Frankfurt\/Main | R\u00fcckschau auf Musikalisches<\/title>\n<meta name=\"description\" content=\"Fridemann Leipold schaut in seinem Blogbeitrag auf die musikalische Seite des Weltfrauentags in Frankfurt zur\u00fcck.\" \/>\n<meta name=\"robots\" content=\"index, follow, max-snippet:-1, max-image-preview:large, max-video-preview:-1\" \/>\n<link rel=\"canonical\" href=\"https:\/\/www.archiv-frau-musik.de\/fr\/archives\/weltfrauentag-in-frankfurt-main-rueckschau\" \/>\n<meta property=\"og:locale\" content=\"fr_FR\" \/>\n<meta property=\"og:type\" content=\"article\" \/>\n<meta property=\"og:title\" content=\"(Deutsch) Weltfrauentag in Frankfurt\/Main | R\u00fcckschau auf Musikalisches\" \/>\n<meta property=\"og:description\" content=\"Fridemann Leipold schaut in seinem Blogbeitrag auf die musikalische Seite des Weltfrauentags in Frankfurt zur\u00fcck.\" \/>\n<meta property=\"og:url\" content=\"https:\/\/www.archiv-frau-musik.de\/fr\/archives\/weltfrauentag-in-frankfurt-main-rueckschau\" \/>\n<meta property=\"og:site_name\" content=\"Archiv Frau und Musik\" \/>\n<meta property=\"article:published_time\" content=\"2026-03-11T17:45:45+00:00\" \/>\n<meta property=\"article:modified_time\" content=\"2026-03-12T15:01:15+00:00\" \/>\n<meta property=\"og:image\" content=\"https:\/\/www.archiv-frau-musik.de\/wp-content\/uploads\/2026\/03\/lNLuqO8w.jpeg\" \/>\n\t<meta property=\"og:image:width\" content=\"1600\" \/>\n\t<meta property=\"og:image:height\" content=\"948\" \/>\n\t<meta property=\"og:image:type\" content=\"image\/jpeg\" \/>\n<meta name=\"author\" content=\"Susanne Wosnitzka\" \/>\n<meta name=\"twitter:card\" content=\"summary_large_image\" \/>\n<meta name=\"twitter:label1\" content=\"\u00c9crit par\" \/>\n\t<meta name=\"twitter:data1\" content=\"Susanne Wosnitzka\" \/>\n\t<meta name=\"twitter:label2\" content=\"Dur\u00e9e de lecture estim\u00e9e\" \/>\n\t<meta name=\"twitter:data2\" content=\"7 minutes\" \/>\n<script type=\"application\/ld+json\" class=\"yoast-schema-graph\">{\"@context\":\"https:\\\/\\\/schema.org\",\"@graph\":[{\"@type\":\"Article\",\"@id\":\"https:\\\/\\\/www.archiv-frau-musik.de\\\/archives\\\/weltfrauentag-in-frankfurt-main-rueckschau#article\",\"isPartOf\":{\"@id\":\"https:\\\/\\\/www.archiv-frau-musik.de\\\/archives\\\/weltfrauentag-in-frankfurt-main-rueckschau\"},\"author\":{\"name\":\"Susanne Wosnitzka\",\"@id\":\"https:\\\/\\\/www.archiv-frau-musik.de\\\/en\\\/#\\\/schema\\\/person\\\/098b86c964d3428203bd1fa833f8499f\"},\"headline\":\"(Deutsch) Weltfrauentag in Frankfurt\\\/Main | R\u00fcckschau auf Musikalisches\",\"datePublished\":\"2026-03-11T17:45:45+00:00\",\"dateModified\":\"2026-03-12T15:01:15+00:00\",\"mainEntityOfPage\":{\"@id\":\"https:\\\/\\\/www.archiv-frau-musik.de\\\/archives\\\/weltfrauentag-in-frankfurt-main-rueckschau\"},\"wordCount\":1208,\"commentCount\":0,\"image\":{\"@id\":\"https:\\\/\\\/www.archiv-frau-musik.de\\\/archives\\\/weltfrauentag-in-frankfurt-main-rueckschau#primaryimage\"},\"thumbnailUrl\":\"https:\\\/\\\/www.archiv-frau-musik.de\\\/wp-content\\\/uploads\\\/2026\\\/03\\\/lNLuqO8w-1024x607.jpeg\",\"keywords\":[\"BDLO\",\"Dorothea Hofmann\",\"Dr. Hoch's\",\"Ethel Smyth\",\"Fanni M\u00fclot\",\"Frankfurt\",\"Fridemann Leipold\",\"J\u00f3runn Vidar\",\"Letizie Turini\",\"LHLO\",\"Madama Butterfly\",\"Marianne Martines\",\"Mary Ellen Kitchens\",\"Paulskirche\",\"Weltfrauentag\",\"Werkstattkonzert\"],\"articleSection\":[\"Blog\"],\"inLanguage\":\"fr-FR\",\"potentialAction\":[{\"@type\":\"CommentAction\",\"name\":\"Comment\",\"target\":[\"https:\\\/\\\/www.archiv-frau-musik.de\\\/archives\\\/weltfrauentag-in-frankfurt-main-rueckschau#respond\"]}]},{\"@type\":\"WebPage\",\"@id\":\"https:\\\/\\\/www.archiv-frau-musik.de\\\/fr\\\/archives\\\/weltfrauentag-in-frankfurt-main-rueckschau\",\"url\":\"https:\\\/\\\/www.archiv-frau-musik.de\\\/fr\\\/archives\\\/weltfrauentag-in-frankfurt-main-rueckschau\",\"name\":\"(Deutsch) Weltfrauentag in Frankfurt\\\/Main | R\u00fcckschau auf Musikalisches\",\"isPartOf\":{\"@id\":\"https:\\\/\\\/www.archiv-frau-musik.de\\\/fr\\\/#website\"},\"primaryImageOfPage\":{\"@id\":\"https:\\\/\\\/www.archiv-frau-musik.de\\\/fr\\\/archives\\\/weltfrauentag-in-frankfurt-main-rueckschau#primaryimage\"},\"image\":{\"@id\":\"https:\\\/\\\/www.archiv-frau-musik.de\\\/archives\\\/weltfrauentag-in-frankfurt-main-rueckschau#primaryimage\"},\"thumbnailUrl\":\"https:\\\/\\\/www.archiv-frau-musik.de\\\/wp-content\\\/uploads\\\/2026\\\/03\\\/lNLuqO8w-1024x607.jpeg\",\"datePublished\":\"2026-03-11T17:45:45+00:00\",\"dateModified\":\"2026-03-12T15:01:15+00:00\",\"author\":{\"@id\":\"https:\\\/\\\/www.archiv-frau-musik.de\\\/en\\\/#\\\/schema\\\/person\\\/098b86c964d3428203bd1fa833f8499f\"},\"description\":\"Fridemann Leipold schaut in seinem Blogbeitrag auf die musikalische Seite des Weltfrauentags in Frankfurt zur\u00fcck.\",\"breadcrumb\":{\"@id\":\"https:\\\/\\\/www.archiv-frau-musik.de\\\/fr\\\/archives\\\/weltfrauentag-in-frankfurt-main-rueckschau#breadcrumb\"},\"inLanguage\":\"fr-FR\",\"potentialAction\":[{\"@type\":\"ReadAction\",\"target\":[[\"https:\\\/\\\/www.archiv-frau-musik.de\\\/fr\\\/archives\\\/weltfrauentag-in-frankfurt-main-rueckschau\"]]}]},{\"@type\":\"ImageObject\",\"inLanguage\":\"fr-FR\",\"@id\":\"https:\\\/\\\/www.archiv-frau-musik.de\\\/fr\\\/archives\\\/weltfrauentag-in-frankfurt-main-rueckschau#primaryimage\",\"url\":\"https:\\\/\\\/www.archiv-frau-musik.de\\\/wp-content\\\/uploads\\\/2026\\\/03\\\/lNLuqO8w-1024x607.jpeg\",\"contentUrl\":\"https:\\\/\\\/www.archiv-frau-musik.de\\\/wp-content\\\/uploads\\\/2026\\\/03\\\/lNLuqO8w-1024x607.jpeg\"},{\"@type\":\"BreadcrumbList\",\"@id\":\"https:\\\/\\\/www.archiv-frau-musik.de\\\/fr\\\/archives\\\/weltfrauentag-in-frankfurt-main-rueckschau#breadcrumb\",\"itemListElement\":[{\"@type\":\"ListItem\",\"position\":1,\"name\":\"Startseite\",\"item\":\"https:\\\/\\\/www.archiv-frau-musik.de\\\/fr\\\/\"},{\"@type\":\"ListItem\",\"position\":2,\"name\":\"Weltfrauentag in Frankfurt\\\/Main | R\u00fcckschau auf Musikalisches\"}]},{\"@type\":\"WebSite\",\"@id\":\"https:\\\/\\\/www.archiv-frau-musik.de\\\/fr\\\/#website\",\"url\":\"https:\\\/\\\/www.archiv-frau-musik.de\\\/fr\\\/\",\"name\":\"Archiv Frau und Musik\",\"description\":\"\",\"potentialAction\":[{\"@type\":\"SearchAction\",\"target\":{\"@type\":\"EntryPoint\",\"urlTemplate\":\"https:\\\/\\\/www.archiv-frau-musik.de\\\/fr\\\/?s={search_term_string}\"},\"query-input\":{\"@type\":\"PropertyValueSpecification\",\"valueRequired\":true,\"valueName\":\"search_term_string\"}}],\"inLanguage\":\"fr-FR\"},{\"@type\":\"Person\",\"@id\":\"https:\\\/\\\/www.archiv-frau-musik.de\\\/en\\\/#\\\/schema\\\/person\\\/098b86c964d3428203bd1fa833f8499f\",\"name\":\"Susanne Wosnitzka\",\"image\":{\"@type\":\"ImageObject\",\"inLanguage\":\"fr-FR\",\"@id\":\"https:\\\/\\\/secure.gravatar.com\\\/avatar\\\/4b8dc71d4a6bc86326708727ed7153c065df0707bac62859beeebe4c03021c70?s=96&d=identicon&r=g\",\"url\":\"https:\\\/\\\/secure.gravatar.com\\\/avatar\\\/4b8dc71d4a6bc86326708727ed7153c065df0707bac62859beeebe4c03021c70?s=96&d=identicon&r=g\",\"contentUrl\":\"https:\\\/\\\/secure.gravatar.com\\\/avatar\\\/4b8dc71d4a6bc86326708727ed7153c065df0707bac62859beeebe4c03021c70?s=96&d=identicon&r=g\",\"caption\":\"Susanne Wosnitzka\"},\"sameAs\":[\"https:\\\/\\\/www.susanne-wosnitzka.de\"],\"url\":\"https:\\\/\\\/www.archiv-frau-musik.de\\\/fr\\\/archives\\\/author\\\/wosnitzka\"}]}<\/script>\n<!-- \/ Yoast SEO plugin. -->","yoast_head_json":{"title":"(Deutsch) Weltfrauentag in Frankfurt\/Main | R\u00fcckschau auf Musikalisches","description":"Fridemann Leipold schaut in seinem Blogbeitrag auf die musikalische Seite des Weltfrauentags in Frankfurt zur\u00fcck.","robots":{"index":"index","follow":"follow","max-snippet":"max-snippet:-1","max-image-preview":"max-image-preview:large","max-video-preview":"max-video-preview:-1"},"canonical":"https:\/\/www.archiv-frau-musik.de\/fr\/archives\/weltfrauentag-in-frankfurt-main-rueckschau","og_locale":"fr_FR","og_type":"article","og_title":"(Deutsch) Weltfrauentag in Frankfurt\/Main | R\u00fcckschau auf Musikalisches","og_description":"Fridemann Leipold schaut in seinem Blogbeitrag auf die musikalische Seite des Weltfrauentags in Frankfurt zur\u00fcck.","og_url":"https:\/\/www.archiv-frau-musik.de\/fr\/archives\/weltfrauentag-in-frankfurt-main-rueckschau","og_site_name":"Archiv Frau und Musik","article_published_time":"2026-03-11T17:45:45+00:00","article_modified_time":"2026-03-12T15:01:15+00:00","og_image":[{"width":1600,"height":948,"url":"https:\/\/www.archiv-frau-musik.de\/wp-content\/uploads\/2026\/03\/lNLuqO8w.jpeg","type":"image\/jpeg"}],"author":"Susanne Wosnitzka","twitter_card":"summary_large_image","twitter_misc":{"\u00c9crit par":"Susanne Wosnitzka","Dur\u00e9e de lecture estim\u00e9e":"7 minutes"},"schema":{"@context":"https:\/\/schema.org","@graph":[{"@type":"Article","@id":"https:\/\/www.archiv-frau-musik.de\/archives\/weltfrauentag-in-frankfurt-main-rueckschau#article","isPartOf":{"@id":"https:\/\/www.archiv-frau-musik.de\/archives\/weltfrauentag-in-frankfurt-main-rueckschau"},"author":{"name":"Susanne Wosnitzka","@id":"https:\/\/www.archiv-frau-musik.de\/en\/#\/schema\/person\/098b86c964d3428203bd1fa833f8499f"},"headline":"(Deutsch) Weltfrauentag in Frankfurt\/Main | R\u00fcckschau auf Musikalisches","datePublished":"2026-03-11T17:45:45+00:00","dateModified":"2026-03-12T15:01:15+00:00","mainEntityOfPage":{"@id":"https:\/\/www.archiv-frau-musik.de\/archives\/weltfrauentag-in-frankfurt-main-rueckschau"},"wordCount":1208,"commentCount":0,"image":{"@id":"https:\/\/www.archiv-frau-musik.de\/archives\/weltfrauentag-in-frankfurt-main-rueckschau#primaryimage"},"thumbnailUrl":"https:\/\/www.archiv-frau-musik.de\/wp-content\/uploads\/2026\/03\/lNLuqO8w-1024x607.jpeg","keywords":["BDLO","Dorothea Hofmann","Dr. Hoch's","Ethel Smyth","Fanni M\u00fclot","Frankfurt","Fridemann Leipold","J\u00f3runn Vidar","Letizie Turini","LHLO","Madama Butterfly","Marianne Martines","Mary Ellen Kitchens","Paulskirche","Weltfrauentag","Werkstattkonzert"],"articleSection":["Blog"],"inLanguage":"fr-FR","potentialAction":[{"@type":"CommentAction","name":"Comment","target":["https:\/\/www.archiv-frau-musik.de\/archives\/weltfrauentag-in-frankfurt-main-rueckschau#respond"]}]},{"@type":"WebPage","@id":"https:\/\/www.archiv-frau-musik.de\/fr\/archives\/weltfrauentag-in-frankfurt-main-rueckschau","url":"https:\/\/www.archiv-frau-musik.de\/fr\/archives\/weltfrauentag-in-frankfurt-main-rueckschau","name":"(Deutsch) Weltfrauentag in Frankfurt\/Main | R\u00fcckschau auf Musikalisches","isPartOf":{"@id":"https:\/\/www.archiv-frau-musik.de\/fr\/#website"},"primaryImageOfPage":{"@id":"https:\/\/www.archiv-frau-musik.de\/fr\/archives\/weltfrauentag-in-frankfurt-main-rueckschau#primaryimage"},"image":{"@id":"https:\/\/www.archiv-frau-musik.de\/archives\/weltfrauentag-in-frankfurt-main-rueckschau#primaryimage"},"thumbnailUrl":"https:\/\/www.archiv-frau-musik.de\/wp-content\/uploads\/2026\/03\/lNLuqO8w-1024x607.jpeg","datePublished":"2026-03-11T17:45:45+00:00","dateModified":"2026-03-12T15:01:15+00:00","author":{"@id":"https:\/\/www.archiv-frau-musik.de\/en\/#\/schema\/person\/098b86c964d3428203bd1fa833f8499f"},"description":"Fridemann Leipold schaut in seinem Blogbeitrag auf die musikalische Seite des Weltfrauentags in Frankfurt zur\u00fcck.","breadcrumb":{"@id":"https:\/\/www.archiv-frau-musik.de\/fr\/archives\/weltfrauentag-in-frankfurt-main-rueckschau#breadcrumb"},"inLanguage":"fr-FR","potentialAction":[{"@type":"ReadAction","target":[["https:\/\/www.archiv-frau-musik.de\/fr\/archives\/weltfrauentag-in-frankfurt-main-rueckschau"]]}]},{"@type":"ImageObject","inLanguage":"fr-FR","@id":"https:\/\/www.archiv-frau-musik.de\/fr\/archives\/weltfrauentag-in-frankfurt-main-rueckschau#primaryimage","url":"https:\/\/www.archiv-frau-musik.de\/wp-content\/uploads\/2026\/03\/lNLuqO8w-1024x607.jpeg","contentUrl":"https:\/\/www.archiv-frau-musik.de\/wp-content\/uploads\/2026\/03\/lNLuqO8w-1024x607.jpeg"},{"@type":"BreadcrumbList","@id":"https:\/\/www.archiv-frau-musik.de\/fr\/archives\/weltfrauentag-in-frankfurt-main-rueckschau#breadcrumb","itemListElement":[{"@type":"ListItem","position":1,"name":"Startseite","item":"https:\/\/www.archiv-frau-musik.de\/fr\/"},{"@type":"ListItem","position":2,"name":"Weltfrauentag in Frankfurt\/Main | R\u00fcckschau auf Musikalisches"}]},{"@type":"WebSite","@id":"https:\/\/www.archiv-frau-musik.de\/fr\/#website","url":"https:\/\/www.archiv-frau-musik.de\/fr\/","name":"Archiv Frau und Musik","description":"","potentialAction":[{"@type":"SearchAction","target":{"@type":"EntryPoint","urlTemplate":"https:\/\/www.archiv-frau-musik.de\/fr\/?s={search_term_string}"},"query-input":{"@type":"PropertyValueSpecification","valueRequired":true,"valueName":"search_term_string"}}],"inLanguage":"fr-FR"},{"@type":"Person","@id":"https:\/\/www.archiv-frau-musik.de\/en\/#\/schema\/person\/098b86c964d3428203bd1fa833f8499f","name":"Susanne Wosnitzka","image":{"@type":"ImageObject","inLanguage":"fr-FR","@id":"https:\/\/secure.gravatar.com\/avatar\/4b8dc71d4a6bc86326708727ed7153c065df0707bac62859beeebe4c03021c70?s=96&d=identicon&r=g","url":"https:\/\/secure.gravatar.com\/avatar\/4b8dc71d4a6bc86326708727ed7153c065df0707bac62859beeebe4c03021c70?s=96&d=identicon&r=g","contentUrl":"https:\/\/secure.gravatar.com\/avatar\/4b8dc71d4a6bc86326708727ed7153c065df0707bac62859beeebe4c03021c70?s=96&d=identicon&r=g","caption":"Susanne Wosnitzka"},"sameAs":["https:\/\/www.susanne-wosnitzka.de"],"url":"https:\/\/www.archiv-frau-musik.de\/fr\/archives\/author\/wosnitzka"}]}},"_links":{"self":[{"href":"https:\/\/www.archiv-frau-musik.de\/fr\/wp-json\/wp\/v2\/posts\/16543","targetHints":{"allow":["GET"]}}],"collection":[{"href":"https:\/\/www.archiv-frau-musik.de\/fr\/wp-json\/wp\/v2\/posts"}],"about":[{"href":"https:\/\/www.archiv-frau-musik.de\/fr\/wp-json\/wp\/v2\/types\/post"}],"author":[{"embeddable":true,"href":"https:\/\/www.archiv-frau-musik.de\/fr\/wp-json\/wp\/v2\/users\/5"}],"replies":[{"embeddable":true,"href":"https:\/\/www.archiv-frau-musik.de\/fr\/wp-json\/wp\/v2\/comments?post=16543"}],"version-history":[{"count":9,"href":"https:\/\/www.archiv-frau-musik.de\/fr\/wp-json\/wp\/v2\/posts\/16543\/revisions"}],"predecessor-version":[{"id":16566,"href":"https:\/\/www.archiv-frau-musik.de\/fr\/wp-json\/wp\/v2\/posts\/16543\/revisions\/16566"}],"wp:attachment":[{"href":"https:\/\/www.archiv-frau-musik.de\/fr\/wp-json\/wp\/v2\/media?parent=16543"}],"wp:term":[{"taxonomy":"category","embeddable":true,"href":"https:\/\/www.archiv-frau-musik.de\/fr\/wp-json\/wp\/v2\/categories?post=16543"},{"taxonomy":"post_tag","embeddable":true,"href":"https:\/\/www.archiv-frau-musik.de\/fr\/wp-json\/wp\/v2\/tags?post=16543"}],"curies":[{"name":"wp","href":"https:\/\/api.w.org\/{rel}","templated":true}]}}