{"id":14698,"date":"2025-07-22T11:46:15","date_gmt":"2025-07-22T09:46:15","guid":{"rendered":"https:\/\/www.archiv-frau-musik.de\/?p=14698"},"modified":"2026-04-20T10:01:08","modified_gmt":"2026-04-20T08:01:08","slug":"fortissima-neues-komponistinnen-buch","status":"publish","type":"post","link":"https:\/\/www.archiv-frau-musik.de\/fr\/archives\/fortissima-neues-komponistinnen-buch","title":{"rendered":"(Deutsch) \u00a0\u00bbFORTISSIMA!\u00a0\u00bb | Neues Komponistinnen-Buch"},"content":{"rendered":"<p class=\"qtranxs-available-languages-message qtranxs-available-languages-message-fr\">D\u00e9sol\u00e9, cet article est seulement disponible en <a href=\"https:\/\/www.archiv-frau-musik.de\/de\/wp-json\/wp\/v2\/posts\/14698\" class=\"qtranxs-available-language-link qtranxs-available-language-link-de\" title=\"Deutsch\">Deutsch<\/a>.<\/p>","protected":false},"excerpt":{"rendered":"<p>D\u00e9sol\u00e9, cet article est seulement disponible en Deutsch.<\/p>\n","protected":false},"author":5,"featured_media":0,"comment_status":"open","ping_status":"open","sticky":false,"template":"","format":"standard","meta":{"generate_page_header":"","footnotes":"","_wpscppro_dont_share_socialmedia":null,"_wpscppro_custom_social_share_image":0,"_facebook_share_type":"default","_twitter_share_type":"default","_linkedin_share_type":"default","_pinterest_share_type":"default","_linkedin_share_type_page":"","_instagram_share_type":"default","_medium_share_type":"default","_threads_share_type":"default","_google_business_share_type":"default","_selected_social_profile":[],"_wpsp_enable_custom_social_template":false,"_wpsp_social_scheduling":{"enabled":false,"datetime":null,"platforms":[],"status":"template_only","dateOption":"today","timeOption":"now","customDays":"","customHours":"","customDate":"","customTime":"","schedulingType":"absolute"},"_wpsp_active_default_template":true},"categories":[129],"tags":[2224,2221,460,2215,293,163,2214,1769,885,186,979,2219,2217,1741,2216,1155,2225,1142,187,2220,1102,1056,2223,2226,2218,1136,1742,1144,864,2222,280],"class_list":["post-14698","post","type-post","status-publish","format-standard","hentry","category-news","tag-adele","tag-agentur","tag-amy-beach","tag-anna-rakitina","tag-buch","tag-cd","tag-deutsches-symphonie-orchester","tag-dso","tag-emilie-mayer","tag-feminismus","tag-florence-price","tag-fortissima","tag-goldmann","tag-gromes","tag-handreiche","tag-henriette-bosmans","tag-judith-rakers","tag-julian-riem","tag-komponistinnen","tag-kossack","tag-luise-adolpha-le-beau","tag-mary-ellen-kitchens","tag-melanie-bonis","tag-pnk","tag-penguin","tag-raphaela-gromes","tag-riem","tag-sony","tag-susanne-wosnitzka","tag-victoria-yagling","tag-wosnitzka","masonry-post","generate-columns","tablet-grid-50","mobile-grid-100","grid-parent","grid-33"],"yoast_head":"<!-- This site is optimized with the Yoast SEO plugin v27.5 - https:\/\/yoast.com\/product\/yoast-seo-wordpress\/ -->\n<title>(Deutsch) &quot;FORTISSIMA!&quot; | Neues Komponistinnen-Buch<\/title>\n<meta name=\"description\" content=\"Ab 10. September: &quot;FORTISSIMA!&quot; \u2013 neues Komponistinnen-Buch von SONY-Cellistin Raphaela Gromes und Musikwissenschaftlerin Susanne Wosnitzka!\" \/>\n<meta name=\"robots\" content=\"index, follow, max-snippet:-1, max-image-preview:large, max-video-preview:-1\" \/>\n<link rel=\"canonical\" href=\"https:\/\/www.archiv-frau-musik.de\/fr\/archives\/fortissima-neues-komponistinnen-buch\" \/>\n<meta property=\"og:locale\" content=\"fr_FR\" \/>\n<meta property=\"og:type\" content=\"article\" \/>\n<meta property=\"og:title\" content=\"(Deutsch) &quot;FORTISSIMA!&quot; | Neues Komponistinnen-Buch\" \/>\n<meta property=\"og:description\" content=\"Ab 10. September: &quot;FORTISSIMA!&quot; \u2013 neues Komponistinnen-Buch von SONY-Cellistin Raphaela Gromes und Musikwissenschaftlerin Susanne Wosnitzka!\" \/>\n<meta property=\"og:url\" content=\"https:\/\/www.archiv-frau-musik.de\/fr\/archives\/fortissima-neues-komponistinnen-buch\" \/>\n<meta property=\"og:site_name\" content=\"Archiv Frau und Musik\" \/>\n<meta property=\"article:published_time\" content=\"2025-07-22T09:46:15+00:00\" \/>\n<meta property=\"article:modified_time\" content=\"2026-04-20T08:01:08+00:00\" \/>\n<meta property=\"og:image\" content=\"https:\/\/www.archiv-frau-musik.de\/wp-content\/uploads\/2025\/07\/Fortissima-Deckblatt-Gromes-Wosnitzka-Goldmann.jpg\" \/>\n\t<meta property=\"og:image:width\" content=\"457\" \/>\n\t<meta property=\"og:image:height\" content=\"710\" \/>\n\t<meta property=\"og:image:type\" content=\"image\/jpeg\" \/>\n<meta name=\"author\" content=\"Susanne Wosnitzka\" \/>\n<meta name=\"twitter:card\" content=\"summary_large_image\" \/>\n<meta name=\"twitter:label1\" content=\"\u00c9crit par\" \/>\n\t<meta name=\"twitter:data1\" content=\"Susanne Wosnitzka\" \/>\n\t<meta name=\"twitter:label2\" content=\"Dur\u00e9e de lecture estim\u00e9e\" \/>\n\t<meta name=\"twitter:data2\" content=\"6 minutes\" \/>\n<script type=\"application\/ld+json\" class=\"yoast-schema-graph\">{\"@context\":\"https:\\\/\\\/schema.org\",\"@graph\":[{\"@type\":\"Article\",\"@id\":\"https:\\\/\\\/www.archiv-frau-musik.de\\\/archives\\\/fortissima-neues-komponistinnen-buch#article\",\"isPartOf\":{\"@id\":\"https:\\\/\\\/www.archiv-frau-musik.de\\\/archives\\\/fortissima-neues-komponistinnen-buch\"},\"author\":{\"name\":\"Susanne Wosnitzka\",\"@id\":\"https:\\\/\\\/www.archiv-frau-musik.de\\\/en\\\/#\\\/schema\\\/person\\\/098b86c964d3428203bd1fa833f8499f\"},\"headline\":\"(Deutsch) \u00a0\u00bbFORTISSIMA!\u00a0\u00bb | Neues Komponistinnen-Buch\",\"datePublished\":\"2025-07-22T09:46:15+00:00\",\"dateModified\":\"2026-04-20T08:01:08+00:00\",\"mainEntityOfPage\":{\"@id\":\"https:\\\/\\\/www.archiv-frau-musik.de\\\/archives\\\/fortissima-neues-komponistinnen-buch\"},\"wordCount\":1023,\"commentCount\":0,\"image\":{\"@id\":\"https:\\\/\\\/www.archiv-frau-musik.de\\\/archives\\\/fortissima-neues-komponistinnen-buch#primaryimage\"},\"thumbnailUrl\":\"https:\\\/\\\/www.archiv-frau-musik.de\\\/wp-content\\\/uploads\\\/2025\\\/07\\\/Fortissima-Deckblatt-Gromes-Wosnitzka-Goldmann.jpg\",\"keywords\":[\"Adele\",\"Agentur\",\"Amy Beach\",\"Anna Rakitina\",\"Buch\",\"CD\",\"Deutsches Symphonie-Orchester\",\"DSO\",\"Emilie Mayer\",\"Feminismus\",\"Florence Price\",\"Fortissima\",\"Goldmann\",\"Gromes\",\"Handreiche\",\"Henri\u00ebtte Bosmans\",\"Judith Rakers\",\"Julian Riem\",\"Komponistinnen\",\"Kossack\",\"Luise Adolpha le Beau\",\"Mary Ellen Kitchens\",\"M\u00e9lanie Bonis\",\"P!NK\",\"Penguin\",\"Raphaela Gromes\",\"Riem\",\"SONY\",\"Susanne Wosnitzka\",\"Victoria Yagling\",\"Wosnitzka\"],\"articleSection\":[\"News\"],\"inLanguage\":\"fr-FR\",\"potentialAction\":[{\"@type\":\"CommentAction\",\"name\":\"Comment\",\"target\":[\"https:\\\/\\\/www.archiv-frau-musik.de\\\/archives\\\/fortissima-neues-komponistinnen-buch#respond\"]}]},{\"@type\":\"WebPage\",\"@id\":\"https:\\\/\\\/www.archiv-frau-musik.de\\\/fr\\\/archives\\\/fortissima-neues-komponistinnen-buch\",\"url\":\"https:\\\/\\\/www.archiv-frau-musik.de\\\/fr\\\/archives\\\/fortissima-neues-komponistinnen-buch\",\"name\":\"(Deutsch) \\\"FORTISSIMA!\\\" | Neues Komponistinnen-Buch\",\"isPartOf\":{\"@id\":\"https:\\\/\\\/www.archiv-frau-musik.de\\\/fr\\\/#website\"},\"primaryImageOfPage\":{\"@id\":\"https:\\\/\\\/www.archiv-frau-musik.de\\\/fr\\\/archives\\\/fortissima-neues-komponistinnen-buch#primaryimage\"},\"image\":{\"@id\":\"https:\\\/\\\/www.archiv-frau-musik.de\\\/archives\\\/fortissima-neues-komponistinnen-buch#primaryimage\"},\"thumbnailUrl\":\"https:\\\/\\\/www.archiv-frau-musik.de\\\/wp-content\\\/uploads\\\/2025\\\/07\\\/Fortissima-Deckblatt-Gromes-Wosnitzka-Goldmann.jpg\",\"datePublished\":\"2025-07-22T09:46:15+00:00\",\"dateModified\":\"2026-04-20T08:01:08+00:00\",\"author\":{\"@id\":\"https:\\\/\\\/www.archiv-frau-musik.de\\\/en\\\/#\\\/schema\\\/person\\\/098b86c964d3428203bd1fa833f8499f\"},\"description\":\"Ab 10. September: \\\"FORTISSIMA!\\\" \u2013 neues Komponistinnen-Buch von SONY-Cellistin Raphaela Gromes und Musikwissenschaftlerin Susanne Wosnitzka!\",\"breadcrumb\":{\"@id\":\"https:\\\/\\\/www.archiv-frau-musik.de\\\/fr\\\/archives\\\/fortissima-neues-komponistinnen-buch#breadcrumb\"},\"inLanguage\":\"fr-FR\",\"potentialAction\":[{\"@type\":\"ReadAction\",\"target\":[[\"https:\\\/\\\/www.archiv-frau-musik.de\\\/fr\\\/archives\\\/fortissima-neues-komponistinnen-buch\"]]}]},{\"@type\":\"ImageObject\",\"inLanguage\":\"fr-FR\",\"@id\":\"https:\\\/\\\/www.archiv-frau-musik.de\\\/fr\\\/archives\\\/fortissima-neues-komponistinnen-buch#primaryimage\",\"url\":\"https:\\\/\\\/www.archiv-frau-musik.de\\\/wp-content\\\/uploads\\\/2025\\\/07\\\/Fortissima-Deckblatt-Gromes-Wosnitzka-Goldmann.jpg\",\"contentUrl\":\"https:\\\/\\\/www.archiv-frau-musik.de\\\/wp-content\\\/uploads\\\/2025\\\/07\\\/Fortissima-Deckblatt-Gromes-Wosnitzka-Goldmann.jpg\"},{\"@type\":\"BreadcrumbList\",\"@id\":\"https:\\\/\\\/www.archiv-frau-musik.de\\\/fr\\\/archives\\\/fortissima-neues-komponistinnen-buch#breadcrumb\",\"itemListElement\":[{\"@type\":\"ListItem\",\"position\":1,\"name\":\"Startseite\",\"item\":\"https:\\\/\\\/www.archiv-frau-musik.de\\\/fr\\\/\"},{\"@type\":\"ListItem\",\"position\":2,\"name\":\"&#8222;FORTISSIMA!&#8220; | Neues Komponistinnen-Buch\"}]},{\"@type\":\"WebSite\",\"@id\":\"https:\\\/\\\/www.archiv-frau-musik.de\\\/fr\\\/#website\",\"url\":\"https:\\\/\\\/www.archiv-frau-musik.de\\\/fr\\\/\",\"name\":\"Archiv Frau und Musik\",\"description\":\"\",\"potentialAction\":[{\"@type\":\"SearchAction\",\"target\":{\"@type\":\"EntryPoint\",\"urlTemplate\":\"https:\\\/\\\/www.archiv-frau-musik.de\\\/fr\\\/?s={search_term_string}\"},\"query-input\":{\"@type\":\"PropertyValueSpecification\",\"valueRequired\":true,\"valueName\":\"search_term_string\"}}],\"inLanguage\":\"fr-FR\"},{\"@type\":\"Person\",\"@id\":\"https:\\\/\\\/www.archiv-frau-musik.de\\\/en\\\/#\\\/schema\\\/person\\\/098b86c964d3428203bd1fa833f8499f\",\"name\":\"Susanne Wosnitzka\",\"image\":{\"@type\":\"ImageObject\",\"inLanguage\":\"fr-FR\",\"@id\":\"https:\\\/\\\/secure.gravatar.com\\\/avatar\\\/4b8dc71d4a6bc86326708727ed7153c065df0707bac62859beeebe4c03021c70?s=96&d=identicon&r=g\",\"url\":\"https:\\\/\\\/secure.gravatar.com\\\/avatar\\\/4b8dc71d4a6bc86326708727ed7153c065df0707bac62859beeebe4c03021c70?s=96&d=identicon&r=g\",\"contentUrl\":\"https:\\\/\\\/secure.gravatar.com\\\/avatar\\\/4b8dc71d4a6bc86326708727ed7153c065df0707bac62859beeebe4c03021c70?s=96&d=identicon&r=g\",\"caption\":\"Susanne Wosnitzka\"},\"sameAs\":[\"https:\\\/\\\/www.susanne-wosnitzka.de\"],\"url\":\"https:\\\/\\\/www.archiv-frau-musik.de\\\/fr\\\/archives\\\/author\\\/wosnitzka\"}]}<\/script>\n<!-- \/ Yoast SEO plugin. -->","yoast_head_json":{"title":"(Deutsch) \"FORTISSIMA!\" | Neues Komponistinnen-Buch","description":"Ab 10. September: \"FORTISSIMA!\" \u2013 neues Komponistinnen-Buch von SONY-Cellistin Raphaela Gromes und Musikwissenschaftlerin Susanne Wosnitzka!","robots":{"index":"index","follow":"follow","max-snippet":"max-snippet:-1","max-image-preview":"max-image-preview:large","max-video-preview":"max-video-preview:-1"},"canonical":"https:\/\/www.archiv-frau-musik.de\/fr\/archives\/fortissima-neues-komponistinnen-buch","og_locale":"fr_FR","og_type":"article","og_title":"(Deutsch) \"FORTISSIMA!\" | Neues Komponistinnen-Buch","og_description":"Ab 10. September: \"FORTISSIMA!\" \u2013 neues Komponistinnen-Buch von SONY-Cellistin Raphaela Gromes und Musikwissenschaftlerin Susanne Wosnitzka!","og_url":"https:\/\/www.archiv-frau-musik.de\/fr\/archives\/fortissima-neues-komponistinnen-buch","og_site_name":"Archiv Frau und Musik","article_published_time":"2025-07-22T09:46:15+00:00","article_modified_time":"2026-04-20T08:01:08+00:00","og_image":[{"width":457,"height":710,"url":"https:\/\/www.archiv-frau-musik.de\/wp-content\/uploads\/2025\/07\/Fortissima-Deckblatt-Gromes-Wosnitzka-Goldmann.jpg","type":"image\/jpeg"}],"author":"Susanne Wosnitzka","twitter_card":"summary_large_image","twitter_misc":{"\u00c9crit par":"Susanne Wosnitzka","Dur\u00e9e de lecture estim\u00e9e":"6 minutes"},"schema":{"@context":"https:\/\/schema.org","@graph":[{"@type":"Article","@id":"https:\/\/www.archiv-frau-musik.de\/archives\/fortissima-neues-komponistinnen-buch#article","isPartOf":{"@id":"https:\/\/www.archiv-frau-musik.de\/archives\/fortissima-neues-komponistinnen-buch"},"author":{"name":"Susanne Wosnitzka","@id":"https:\/\/www.archiv-frau-musik.de\/en\/#\/schema\/person\/098b86c964d3428203bd1fa833f8499f"},"headline":"(Deutsch) \u00a0\u00bbFORTISSIMA!\u00a0\u00bb | Neues Komponistinnen-Buch","datePublished":"2025-07-22T09:46:15+00:00","dateModified":"2026-04-20T08:01:08+00:00","mainEntityOfPage":{"@id":"https:\/\/www.archiv-frau-musik.de\/archives\/fortissima-neues-komponistinnen-buch"},"wordCount":1023,"commentCount":0,"image":{"@id":"https:\/\/www.archiv-frau-musik.de\/archives\/fortissima-neues-komponistinnen-buch#primaryimage"},"thumbnailUrl":"https:\/\/www.archiv-frau-musik.de\/wp-content\/uploads\/2025\/07\/Fortissima-Deckblatt-Gromes-Wosnitzka-Goldmann.jpg","keywords":["Adele","Agentur","Amy Beach","Anna Rakitina","Buch","CD","Deutsches Symphonie-Orchester","DSO","Emilie Mayer","Feminismus","Florence Price","Fortissima","Goldmann","Gromes","Handreiche","Henri\u00ebtte Bosmans","Judith Rakers","Julian Riem","Komponistinnen","Kossack","Luise Adolpha le Beau","Mary Ellen Kitchens","M\u00e9lanie Bonis","P!NK","Penguin","Raphaela Gromes","Riem","SONY","Susanne Wosnitzka","Victoria Yagling","Wosnitzka"],"articleSection":["News"],"inLanguage":"fr-FR","potentialAction":[{"@type":"CommentAction","name":"Comment","target":["https:\/\/www.archiv-frau-musik.de\/archives\/fortissima-neues-komponistinnen-buch#respond"]}]},{"@type":"WebPage","@id":"https:\/\/www.archiv-frau-musik.de\/fr\/archives\/fortissima-neues-komponistinnen-buch","url":"https:\/\/www.archiv-frau-musik.de\/fr\/archives\/fortissima-neues-komponistinnen-buch","name":"(Deutsch) \"FORTISSIMA!\" | Neues Komponistinnen-Buch","isPartOf":{"@id":"https:\/\/www.archiv-frau-musik.de\/fr\/#website"},"primaryImageOfPage":{"@id":"https:\/\/www.archiv-frau-musik.de\/fr\/archives\/fortissima-neues-komponistinnen-buch#primaryimage"},"image":{"@id":"https:\/\/www.archiv-frau-musik.de\/archives\/fortissima-neues-komponistinnen-buch#primaryimage"},"thumbnailUrl":"https:\/\/www.archiv-frau-musik.de\/wp-content\/uploads\/2025\/07\/Fortissima-Deckblatt-Gromes-Wosnitzka-Goldmann.jpg","datePublished":"2025-07-22T09:46:15+00:00","dateModified":"2026-04-20T08:01:08+00:00","author":{"@id":"https:\/\/www.archiv-frau-musik.de\/en\/#\/schema\/person\/098b86c964d3428203bd1fa833f8499f"},"description":"Ab 10. September: \"FORTISSIMA!\" \u2013 neues Komponistinnen-Buch von SONY-Cellistin Raphaela Gromes und Musikwissenschaftlerin Susanne Wosnitzka!","breadcrumb":{"@id":"https:\/\/www.archiv-frau-musik.de\/fr\/archives\/fortissima-neues-komponistinnen-buch#breadcrumb"},"inLanguage":"fr-FR","potentialAction":[{"@type":"ReadAction","target":[["https:\/\/www.archiv-frau-musik.de\/fr\/archives\/fortissima-neues-komponistinnen-buch"]]}]},{"@type":"ImageObject","inLanguage":"fr-FR","@id":"https:\/\/www.archiv-frau-musik.de\/fr\/archives\/fortissima-neues-komponistinnen-buch#primaryimage","url":"https:\/\/www.archiv-frau-musik.de\/wp-content\/uploads\/2025\/07\/Fortissima-Deckblatt-Gromes-Wosnitzka-Goldmann.jpg","contentUrl":"https:\/\/www.archiv-frau-musik.de\/wp-content\/uploads\/2025\/07\/Fortissima-Deckblatt-Gromes-Wosnitzka-Goldmann.jpg"},{"@type":"BreadcrumbList","@id":"https:\/\/www.archiv-frau-musik.de\/fr\/archives\/fortissima-neues-komponistinnen-buch#breadcrumb","itemListElement":[{"@type":"ListItem","position":1,"name":"Startseite","item":"https:\/\/www.archiv-frau-musik.de\/fr\/"},{"@type":"ListItem","position":2,"name":"&#8222;FORTISSIMA!&#8220; | Neues Komponistinnen-Buch"}]},{"@type":"WebSite","@id":"https:\/\/www.archiv-frau-musik.de\/fr\/#website","url":"https:\/\/www.archiv-frau-musik.de\/fr\/","name":"Archiv Frau und Musik","description":"","potentialAction":[{"@type":"SearchAction","target":{"@type":"EntryPoint","urlTemplate":"https:\/\/www.archiv-frau-musik.de\/fr\/?s={search_term_string}"},"query-input":{"@type":"PropertyValueSpecification","valueRequired":true,"valueName":"search_term_string"}}],"inLanguage":"fr-FR"},{"@type":"Person","@id":"https:\/\/www.archiv-frau-musik.de\/en\/#\/schema\/person\/098b86c964d3428203bd1fa833f8499f","name":"Susanne Wosnitzka","image":{"@type":"ImageObject","inLanguage":"fr-FR","@id":"https:\/\/secure.gravatar.com\/avatar\/4b8dc71d4a6bc86326708727ed7153c065df0707bac62859beeebe4c03021c70?s=96&d=identicon&r=g","url":"https:\/\/secure.gravatar.com\/avatar\/4b8dc71d4a6bc86326708727ed7153c065df0707bac62859beeebe4c03021c70?s=96&d=identicon&r=g","contentUrl":"https:\/\/secure.gravatar.com\/avatar\/4b8dc71d4a6bc86326708727ed7153c065df0707bac62859beeebe4c03021c70?s=96&d=identicon&r=g","caption":"Susanne Wosnitzka"},"sameAs":["https:\/\/www.susanne-wosnitzka.de"],"url":"https:\/\/www.archiv-frau-musik.de\/fr\/archives\/author\/wosnitzka"}]}},"_links":{"self":[{"href":"https:\/\/www.archiv-frau-musik.de\/fr\/wp-json\/wp\/v2\/posts\/14698","targetHints":{"allow":["GET"]}}],"collection":[{"href":"https:\/\/www.archiv-frau-musik.de\/fr\/wp-json\/wp\/v2\/posts"}],"about":[{"href":"https:\/\/www.archiv-frau-musik.de\/fr\/wp-json\/wp\/v2\/types\/post"}],"author":[{"embeddable":true,"href":"https:\/\/www.archiv-frau-musik.de\/fr\/wp-json\/wp\/v2\/users\/5"}],"replies":[{"embeddable":true,"href":"https:\/\/www.archiv-frau-musik.de\/fr\/wp-json\/wp\/v2\/comments?post=14698"}],"version-history":[{"count":4,"href":"https:\/\/www.archiv-frau-musik.de\/fr\/wp-json\/wp\/v2\/posts\/14698\/revisions"}],"predecessor-version":[{"id":16865,"href":"https:\/\/www.archiv-frau-musik.de\/fr\/wp-json\/wp\/v2\/posts\/14698\/revisions\/16865"}],"wp:attachment":[{"href":"https:\/\/www.archiv-frau-musik.de\/fr\/wp-json\/wp\/v2\/media?parent=14698"}],"wp:term":[{"taxonomy":"category","embeddable":true,"href":"https:\/\/www.archiv-frau-musik.de\/fr\/wp-json\/wp\/v2\/categories?post=14698"},{"taxonomy":"post_tag","embeddable":true,"href":"https:\/\/www.archiv-frau-musik.de\/fr\/wp-json\/wp\/v2\/tags?post=14698"}],"curies":[{"name":"wp","href":"https:\/\/api.w.org\/{rel}","templated":true}]}}