{"id":15222,"global_id":"www.archiv-frau-musik.de\/fr?id=15222","global_id_lineage":["www.archiv-frau-musik.de\/fr?id=15222"],"author":"5","status":"publish","date":"2025-10-06 09:58:03","date_utc":"2025-10-06 07:58:03","modified":"2025-10-06 09:58:05","modified_utc":"2025-10-06 07:58:05","url":"https:\/\/www.archiv-frau-musik.de\/fr\/event\/deutsche-erstauffuehrung-sinfonie-mathilde-kralik","rest_url":"https:\/\/www.archiv-frau-musik.de\/fr\/wp-json\/tribe\/events\/v1\/events\/15222","title":"(Deutsch) Deutsche Erstauff\u00fchrung Sinfonie Mathilde Kralik!","description":"<p class=\"qtranxs-available-languages-message qtranxs-available-languages-message-fr\">D\u00e9sol\u00e9, cet article est seulement disponible en <a href=\"https:\/\/www.archiv-frau-musik.de\/de\/wp-json\/tribe\/events\/v1\/events\/15222\" class=\"qtranxs-available-language-link qtranxs-available-language-link-de\" title=\"Deutsch\">Deutsch<\/a>.<\/p>","excerpt":"","slug":"deutsche-erstauffuehrung-sinfonie-mathilde-kralik","image":false,"all_day":false,"start_date":"2025-10-25 19:00:00","start_date_details":{"year":"2025","month":"10","day":"25","hour":"19","minutes":"00","seconds":"00"},"end_date":"2025-10-25 21:00:00","end_date_details":{"year":"2025","month":"10","day":"25","hour":"21","minutes":"00","seconds":"00"},"utc_start_date":"2025-10-25 17:00:00","utc_start_date_details":{"year":"2025","month":"10","day":"25","hour":"17","minutes":"00","seconds":"00"},"utc_end_date":"2025-10-25 19:00:00","utc_end_date_details":{"year":"2025","month":"10","day":"25","hour":"19","minutes":"00","seconds":"00"},"timezone":"Europe\/Berlin","timezone_abbr":"CEST","cost":"","cost_details":{"currency_symbol":"\u20ac","currency_code":"EUR","currency_position":"suffix","values":[]},"website":"https:\/\/www.camerata-louis-spohr.de\/konzert-aktuell.html","show_map":true,"show_map_link":true,"hide_from_listings":false,"sticky":true,"featured":false,"categories":[{"name":"Konzert","slug":"konzert","term_group":0,"term_taxonomy_id":391,"taxonomy":"tribe_events_cat","description":"","parent":0,"count":231,"filter":"raw","i18n_config":{"name":{"ts":{"de":"Konzert"}}},"id":390,"urls":{"self":"https:\/\/www.archiv-frau-musik.de\/fr\/wp-json\/tribe\/events\/v1\/categories\/390","collection":"https:\/\/www.archiv-frau-musik.de\/fr\/wp-json\/tribe\/events\/v1\/categories"}}],"tags":[{"name":"Bernd Peter Fugelsang","slug":"bernd-peter-fugelsang","term_group":0,"term_taxonomy_id":2266,"taxonomy":"post_tag","description":"","parent":0,"count":1,"filter":"raw","i18n_config":{"name":{"ts":{"de":"Bernd Peter Fugelsang"}}},"id":2265,"urls":{"self":"https:\/\/www.archiv-frau-musik.de\/fr\/wp-json\/tribe\/events\/v1\/tags\/2265","collection":"https:\/\/www.archiv-frau-musik.de\/fr\/wp-json\/tribe\/events\/v1\/tags"}},{"name":"Camerata","slug":"camerata","term_group":0,"term_taxonomy_id":2267,"taxonomy":"post_tag","description":"","parent":0,"count":1,"filter":"raw","i18n_config":{"name":{"ts":{"de":"Camerata"}}},"id":2266,"urls":{"self":"https:\/\/www.archiv-frau-musik.de\/fr\/wp-json\/tribe\/events\/v1\/tags\/2266","collection":"https:\/\/www.archiv-frau-musik.de\/fr\/wp-json\/tribe\/events\/v1\/tags"}},{"name":"Clara Schumann","slug":"clara-schumann","term_group":0,"term_taxonomy_id":884,"taxonomy":"post_tag","description":"","parent":0,"count":32,"filter":"raw","i18n_config":{"name":{"ts":{"de":"Clara Schumann"}}},"id":883,"urls":{"self":"https:\/\/www.archiv-frau-musik.de\/fr\/wp-json\/tribe\/events\/v1\/tags\/883","collection":"https:\/\/www.archiv-frau-musik.de\/fr\/wp-json\/tribe\/events\/v1\/tags"}},{"name":"D\u00fcsseldorf","slug":"duesseldorf","term_group":0,"term_taxonomy_id":1587,"taxonomy":"post_tag","description":"","parent":0,"count":2,"filter":"raw","i18n_config":{"name":{"ts":{"de":"D\u00fcsseldorf"}}},"id":1586,"urls":{"self":"https:\/\/www.archiv-frau-musik.de\/fr\/wp-json\/tribe\/events\/v1\/tags\/1586","collection":"https:\/\/www.archiv-frau-musik.de\/fr\/wp-json\/tribe\/events\/v1\/tags"}},{"name":"Emilie Mayer","slug":"emilie-mayer","term_group":0,"term_taxonomy_id":886,"taxonomy":"post_tag","description":"","parent":0,"count":20,"filter":"raw","i18n_config":{"name":{"ts":{"de":"Emilie Mayer"}}},"id":885,"urls":{"self":"https:\/\/www.archiv-frau-musik.de\/fr\/wp-json\/tribe\/events\/v1\/tags\/885","collection":"https:\/\/www.archiv-frau-musik.de\/fr\/wp-json\/tribe\/events\/v1\/tags"}},{"name":"Erstauff\u00fchrung","slug":"erstauffuehrung","term_group":0,"term_taxonomy_id":916,"taxonomy":"post_tag","description":"","parent":0,"count":7,"filter":"raw","i18n_config":{"name":{"ts":{"de":"Erstauff\u00fchrung"}}},"id":915,"urls":{"self":"https:\/\/www.archiv-frau-musik.de\/fr\/wp-json\/tribe\/events\/v1\/tags\/915","collection":"https:\/\/www.archiv-frau-musik.de\/fr\/wp-json\/tribe\/events\/v1\/tags"}},{"name":"Komponistinnen","slug":"komponistinnen","term_group":0,"term_taxonomy_id":188,"taxonomy":"post_tag","description":"","parent":0,"count":256,"filter":"raw","i18n_config":{"name":{"ts":{"de":"Komponistinnen"}}},"id":187,"urls":{"self":"https:\/\/www.archiv-frau-musik.de\/fr\/wp-json\/tribe\/events\/v1\/tags\/187","collection":"https:\/\/www.archiv-frau-musik.de\/fr\/wp-json\/tribe\/events\/v1\/tags"}},{"name":"Louis Spohr","slug":"louis-spohr","term_group":0,"term_taxonomy_id":2268,"taxonomy":"post_tag","description":"","parent":0,"count":1,"filter":"raw","i18n_config":{"name":{"ts":{"de":"Louis Spohr"}}},"id":2267,"urls":{"self":"https:\/\/www.archiv-frau-musik.de\/fr\/wp-json\/tribe\/events\/v1\/tags\/2267","collection":"https:\/\/www.archiv-frau-musik.de\/fr\/wp-json\/tribe\/events\/v1\/tags"}},{"name":"Mathilde Kralik","slug":"mathilde-kralik","term_group":0,"term_taxonomy_id":2264,"taxonomy":"post_tag","description":"","parent":0,"count":1,"filter":"raw","i18n_config":{"name":{"ts":{"de":"Mathilde Kralik"}}},"id":2263,"urls":{"self":"https:\/\/www.archiv-frau-musik.de\/fr\/wp-json\/tribe\/events\/v1\/tags\/2263","collection":"https:\/\/www.archiv-frau-musik.de\/fr\/wp-json\/tribe\/events\/v1\/tags"}},{"name":"Tonhalle","slug":"tonhalle","term_group":0,"term_taxonomy_id":2265,"taxonomy":"post_tag","description":"","parent":0,"count":1,"filter":"raw","i18n_config":{"name":{"ts":{"de":"Tonhalle"}}},"id":2264,"urls":{"self":"https:\/\/www.archiv-frau-musik.de\/fr\/wp-json\/tribe\/events\/v1\/tags\/2264","collection":"https:\/\/www.archiv-frau-musik.de\/fr\/wp-json\/tribe\/events\/v1\/tags"}}],"venue":{"id":15224,"author":"5","status":"publish","date":"2025-10-06 09:58:04","date_utc":"2025-10-06 07:58:04","modified":"2025-10-06 09:58:04","modified_utc":"2025-10-06 07:58:04","url":"https:\/\/www.archiv-frau-musik.de\/fr\/lieu\/tonhalle-duesseldorf","venue":"Tonhalle D\u00fcsseldorf","slug":"tonhalle-duesseldorf","city":"D\u00fcsseldorf","website":"https:\/\/www.camerata-louis-spohr.de\/konzert-aktuell.html","json_ld":{"@type":"Place","name":"Tonhalle D\u00fcsseldorf","description":"","url":"","address":{"@type":"PostalAddress","addressLocality":"D\u00fcsseldorf"},"telephone":"","sameAs":"https:\/\/www.camerata-louis-spohr.de\/konzert-aktuell.html"},"show_map":true,"show_map_link":true,"global_id":"www.archiv-frau-musik.de\/fr?id=15224","global_id_lineage":["www.archiv-frau-musik.de\/fr?id=15224"]},"organizer":[{"id":15225,"author":"5","status":"publish","date":"2025-10-06 09:58:05","date_utc":"2025-10-06 07:58:05","modified":"2025-10-06 09:58:05","modified_utc":"2025-10-06 07:58:05","url":"https:\/\/www.archiv-frau-musik.de\/fr\/organisateur\/camerata-louis-spohr","organizer":"Camerata Louis Spohr","slug":"camerata-louis-spohr","website":"https:\/\/www.camerata-louis-spohr.de\/konzert-aktuell.html","json_ld":{"@type":"Person","name":"Camerata Louis Spohr","description":"","url":"https:\/\/www.camerata-louis-spohr.de\/konzert-aktuell.html","telephone":"","email":"","sameAs":"https:\/\/www.camerata-louis-spohr.de\/konzert-aktuell.html"},"global_id":"www.archiv-frau-musik.de\/fr?id=15225","global_id_lineage":["www.archiv-frau-musik.de\/fr?id=15225"]}],"custom_fields":[],"json_ld":{"@context":"http:\/\/schema.org","@type":"Event","name":"(Deutsch) Deutsche Erstauff\u00fchrung Sinfonie Mathilde Kralik!","description":"&lt;p&gt;Samstag, 25. Oktober 2025, 19:00 Uhr, TONHALLE D\u00dcSSELDORF \u2013 Mendelssohn-Saal Nach dem Jahreskonzert 2024 mit \u201eMusik aus der neuen Welt\u201c u. a.mit einer fulminanten Auff\u00fchrung von Dvor\u00e1ks 9. Sinfonie pr\u00e4sentiert die Camerata in diesem Jahr ein au\u00dfergew\u00f6hnliches Programm mit Werken von Komponistinnen unter dem Motto La Musica \u2013 Die Musik ist weiblich!\u00a0Dabei steht als Hauptwerk ... &lt;a title=&quot;(Deutsch) Deutsche Erstauff\u00fchrung Sinfonie Mathilde Kralik!&quot; class=&quot;read-more&quot; href=&quot;https:\/\/www.archiv-frau-musik.de\/fr\/event\/deutsche-erstauffuehrung-sinfonie-mathilde-kralik&quot; aria-label=&quot;En savoir plus sur (Deutsch) Deutsche Erstauff\u00fchrung Sinfonie Mathilde Kralik!&quot;&gt;Weiterlesen ...&lt;\/a&gt;&lt;\/p&gt;\\n","url":"https:\/\/www.archiv-frau-musik.de\/fr\/event\/deutsche-erstauffuehrung-sinfonie-mathilde-kralik\/","eventAttendanceMode":"https:\/\/schema.org\/OfflineEventAttendanceMode","eventStatus":"https:\/\/schema.org\/EventScheduled","startDate":"2025-10-25T19:00:00+02:00","endDate":"2025-10-25T21:00:00+02:00","location":{"@type":"Place","name":"Tonhalle D\u00fcsseldorf","description":"","url":"","address":{"@type":"PostalAddress","addressLocality":"D\u00fcsseldorf"},"telephone":"","sameAs":"https:\/\/www.camerata-louis-spohr.de\/konzert-aktuell.html"},"organizer":{"@type":"Person","name":"Camerata Louis Spohr","description":"","url":"https:\/\/www.camerata-louis-spohr.de\/konzert-aktuell.html","telephone":"","email":"","sameAs":"https:\/\/www.camerata-louis-spohr.de\/konzert-aktuell.html"},"performer":"Organization"}}