{"id":13243,"global_id":"www.archiv-frau-musik.de\/fr?id=13243","global_id_lineage":["www.archiv-frau-musik.de\/fr?id=13243"],"author":"5","status":"publish","date":"2025-03-06 12:46:47","date_utc":"2025-03-06 11:46:47","modified":"2025-03-06 12:46:48","modified_utc":"2025-03-06 11:46:48","url":"https:\/\/www.archiv-frau-musik.de\/fr\/event\/unerhoert-komponistinnen-im-fokus-konzert","rest_url":"https:\/\/www.archiv-frau-musik.de\/fr\/wp-json\/tribe\/events\/v1\/events\/13243","title":"(Deutsch) Unerh\u00f6rt \u2013 Komponistinnen im Fokus | Konzert","description":"<p class=\"qtranxs-available-languages-message qtranxs-available-languages-message-fr\">D\u00e9sol\u00e9, cet article est seulement disponible en <a href=\"https:\/\/www.archiv-frau-musik.de\/de\/wp-json\/tribe\/events\/v1\/events\/13243\" class=\"qtranxs-available-language-link qtranxs-available-language-link-de\" title=\"Deutsch\">Deutsch<\/a>.<\/p>","excerpt":"","slug":"unerhoert-komponistinnen-im-fokus-konzert","image":false,"all_day":false,"start_date":"2025-03-07 19:00:00","start_date_details":{"year":"2025","month":"03","day":"07","hour":"19","minutes":"00","seconds":"00"},"end_date":"2025-03-07 21:30:00","end_date_details":{"year":"2025","month":"03","day":"07","hour":"21","minutes":"30","seconds":"00"},"utc_start_date":"2025-03-07 18:00:00","utc_start_date_details":{"year":"2025","month":"03","day":"07","hour":"18","minutes":"00","seconds":"00"},"utc_end_date":"2025-03-07 20:30:00","utc_end_date_details":{"year":"2025","month":"03","day":"07","hour":"20","minutes":"30","seconds":"00"},"timezone":"Europe\/Berlin","timezone_abbr":"CET","cost":"","cost_details":{"currency_symbol":"\u20ac","currency_code":"EUR","currency_position":"suffix","values":[]},"website":"","show_map":true,"show_map_link":true,"hide_from_listings":false,"sticky":true,"featured":false,"categories":[{"name":"Konzert","slug":"konzert","term_group":0,"term_taxonomy_id":391,"taxonomy":"tribe_events_cat","description":"","parent":0,"count":230,"filter":"raw","i18n_config":{"name":{"ts":{"de":"Konzert"}}},"id":390,"urls":{"self":"https:\/\/www.archiv-frau-musik.de\/fr\/wp-json\/tribe\/events\/v1\/categories\/390","collection":"https:\/\/www.archiv-frau-musik.de\/fr\/wp-json\/tribe\/events\/v1\/categories"}}],"tags":[{"name":"Das Benefizorchester","slug":"das-benefizorchester","term_group":0,"term_taxonomy_id":2087,"taxonomy":"post_tag","description":"","parent":0,"count":2,"filter":"raw","i18n_config":{"name":{"ts":{"de":"Das Benefizorchester"}}},"id":2086,"urls":{"self":"https:\/\/www.archiv-frau-musik.de\/fr\/wp-json\/tribe\/events\/v1\/tags\/2086","collection":"https:\/\/www.archiv-frau-musik.de\/fr\/wp-json\/tribe\/events\/v1\/tags"}},{"name":"Komponistinnen","slug":"komponistinnen","term_group":0,"term_taxonomy_id":188,"taxonomy":"post_tag","description":"","parent":0,"count":255,"filter":"raw","i18n_config":{"name":{"ts":{"de":"Komponistinnen"}}},"id":187,"urls":{"self":"https:\/\/www.archiv-frau-musik.de\/fr\/wp-json\/tribe\/events\/v1\/tags\/187","collection":"https:\/\/www.archiv-frau-musik.de\/fr\/wp-json\/tribe\/events\/v1\/tags"}},{"name":"Konzert","slug":"konzert","term_group":0,"term_taxonomy_id":186,"taxonomy":"post_tag","description":"","parent":0,"count":180,"filter":"raw","i18n_config":{"name":{"ts":{"de":"Konzert"}}},"id":185,"urls":{"self":"https:\/\/www.archiv-frau-musik.de\/fr\/wp-json\/tribe\/events\/v1\/tags\/185","collection":"https:\/\/www.archiv-frau-musik.de\/fr\/wp-json\/tribe\/events\/v1\/tags"}},{"name":"Kornhaus","slug":"kornhaus","term_group":0,"term_taxonomy_id":2088,"taxonomy":"post_tag","description":"","parent":0,"count":1,"filter":"raw","i18n_config":{"name":{"ts":{"de":"Kornhaus"}}},"id":2087,"urls":{"self":"https:\/\/www.archiv-frau-musik.de\/fr\/wp-json\/tribe\/events\/v1\/tags\/2087","collection":"https:\/\/www.archiv-frau-musik.de\/fr\/wp-json\/tribe\/events\/v1\/tags"}},{"name":"Ulm","slug":"ulm","term_group":0,"term_taxonomy_id":2086,"taxonomy":"post_tag","description":"","parent":0,"count":1,"filter":"raw","i18n_config":{"name":{"ts":{"de":"Ulm"}}},"id":2085,"urls":{"self":"https:\/\/www.archiv-frau-musik.de\/fr\/wp-json\/tribe\/events\/v1\/tags\/2085","collection":"https:\/\/www.archiv-frau-musik.de\/fr\/wp-json\/tribe\/events\/v1\/tags"}}],"venue":{"id":13244,"author":"5","status":"publish","date":"2025-03-06 12:46:48","date_utc":"2025-03-06 11:46:48","modified":"2025-03-06 12:46:48","modified_utc":"2025-03-06 11:46:48","url":"https:\/\/www.archiv-frau-musik.de\/fr\/lieu\/kornhaus-ulm","venue":"Kornhaus Ulm","slug":"kornhaus-ulm","address":"Kornhausplatz 1","city":"Ulm","zip":"89073","website":"https:\/\/www.dasbenefizorchester.de\/aktuelle-konzerte","json_ld":{"@type":"Place","name":"Kornhaus Ulm","description":"","url":"","address":{"@type":"PostalAddress","streetAddress":"Kornhausplatz 1","addressLocality":"Ulm","postalCode":"89073"},"telephone":"","sameAs":"https:\/\/www.dasbenefizorchester.de\/aktuelle-konzerte"},"show_map":true,"show_map_link":true,"global_id":"www.archiv-frau-musik.de\/fr?id=13244","global_id_lineage":["www.archiv-frau-musik.de\/fr?id=13244"]},"organizer":[],"custom_fields":[],"json_ld":{"@context":"http:\/\/schema.org","@type":"Event","name":"(Deutsch) Unerh\u00f6rt \u2013 Komponistinnen im Fokus | Konzert","description":"&lt;p&gt;Freitag, 7. M\u00e4rz 2025, 19:00 Uhr, Kornhaus Ulm Anl\u00e4sslich des Internationalen Frauentags bietet Das Benefizorchester e. V. in der Geschichte der Stadt Ulm das erste gro\u00dfe reine Komponistinnen-Konzert! Programm Fanny Hensel: Ouvert\u00fcre in C Agathe Backer Grondahl: Scherzo f\u00fcr Orchester M\u00e9l Bonis: Suite en forme de valses Emilie Mayer: Sinfonie in c-Moll Alle Infos unter: ... &lt;a title=&quot;(Deutsch) Unerh\u00f6rt \u2013 Komponistinnen im Fokus | Konzert&quot; class=&quot;read-more&quot; href=&quot;https:\/\/www.archiv-frau-musik.de\/fr\/event\/unerhoert-komponistinnen-im-fokus-konzert&quot; aria-label=&quot;En savoir plus sur (Deutsch) Unerh\u00f6rt \u2013 Komponistinnen im Fokus | Konzert&quot;&gt;Weiterlesen ...&lt;\/a&gt;&lt;\/p&gt;\\n","url":"https:\/\/www.archiv-frau-musik.de\/fr\/event\/unerhoert-komponistinnen-im-fokus-konzert\/","eventAttendanceMode":"https:\/\/schema.org\/OfflineEventAttendanceMode","eventStatus":"https:\/\/schema.org\/EventScheduled","startDate":"2025-03-07T19:00:00+01:00","endDate":"2025-03-07T21:30:00+01:00","location":{"@type":"Place","name":"Kornhaus Ulm","description":"","url":"","address":{"@type":"PostalAddress","streetAddress":"Kornhausplatz 1","addressLocality":"Ulm","postalCode":"89073"},"telephone":"","sameAs":"https:\/\/www.dasbenefizorchester.de\/aktuelle-konzerte"},"performer":"Organization"}}