{"id":11693,"global_id":"www.archiv-frau-musik.de\/fr?id=11693","global_id_lineage":["www.archiv-frau-musik.de\/fr?id=11693"],"author":"5","status":"publish","date":"2024-08-13 11:01:04","date_utc":"2024-08-13 09:01:04","modified":"2024-08-27 11:00:10","modified_utc":"2024-08-27 09:00:10","url":"https:\/\/www.archiv-frau-musik.de\/fr\/event\/broken-frames-syndicate-komponistinnen-gespraechskonzert","rest_url":"https:\/\/www.archiv-frau-musik.de\/fr\/wp-json\/tribe\/events\/v1\/events\/11693","title":"(Deutsch) Broken Frames Syndicate \u2013 Komponist*innen | Gespr\u00e4chskonzert","description":"<p class=\"qtranxs-available-languages-message qtranxs-available-languages-message-fr\">D\u00e9sol\u00e9, cet article est seulement disponible en <a href=\"https:\/\/www.archiv-frau-musik.de\/de\/wp-json\/tribe\/events\/v1\/events\/11693\" class=\"qtranxs-available-language-link qtranxs-available-language-link-de\" title=\"Deutsch\">Deutsch<\/a>.<\/p>","excerpt":"","slug":"broken-frames-syndicate-komponistinnen-gespraechskonzert","image":false,"all_day":false,"start_date":"2024-09-09 19:30:00","start_date_details":{"year":"2024","month":"09","day":"09","hour":"19","minutes":"30","seconds":"00"},"end_date":"2024-09-09 21:00:00","end_date_details":{"year":"2024","month":"09","day":"09","hour":"21","minutes":"00","seconds":"00"},"utc_start_date":"2024-09-09 17:30:00","utc_start_date_details":{"year":"2024","month":"09","day":"09","hour":"17","minutes":"30","seconds":"00"},"utc_end_date":"2024-09-09 19:00:00","utc_end_date_details":{"year":"2024","month":"09","day":"09","hour":"19","minutes":"00","seconds":"00"},"timezone":"Europe\/Berlin","timezone_abbr":"CEST","cost":"","cost_details":{"currency_symbol":"\u20ac","currency_code":"EUR","currency_position":"suffix","values":[]},"website":"https:\/\/brokenframessyndicate.com\/","show_map":true,"show_map_link":true,"hide_from_listings":false,"sticky":true,"featured":false,"categories":[{"name":"Gespr\u00e4chskonzert","slug":"gespraechskonzert","term_group":0,"term_taxonomy_id":1277,"taxonomy":"tribe_events_cat","description":"","parent":0,"count":31,"filter":"raw","i18n_config":{"name":{"ts":{"de":"Gespr\u00e4chskonzert"}}},"id":1276,"urls":{"self":"https:\/\/www.archiv-frau-musik.de\/fr\/wp-json\/tribe\/events\/v1\/categories\/1276","collection":"https:\/\/www.archiv-frau-musik.de\/fr\/wp-json\/tribe\/events\/v1\/categories"}}],"tags":[{"name":"Ausstellung","slug":"ausstellung","term_group":0,"term_taxonomy_id":191,"taxonomy":"post_tag","description":"","parent":0,"count":3,"filter":"raw","i18n_config":{"name":{"ts":{"de":"Ausstellung"}}},"id":190,"urls":{"self":"https:\/\/www.archiv-frau-musik.de\/fr\/wp-json\/tribe\/events\/v1\/tags\/190","collection":"https:\/\/www.archiv-frau-musik.de\/fr\/wp-json\/tribe\/events\/v1\/tags"}},{"name":"Broken Frames Syndicate","slug":"broken-frames-syndicate","term_group":0,"term_taxonomy_id":1874,"taxonomy":"post_tag","description":"","parent":0,"count":2,"filter":"raw","i18n_config":{"name":{"ts":{"de":"Broken Frames Syndicate"}}},"id":1873,"urls":{"self":"https:\/\/www.archiv-frau-musik.de\/fr\/wp-json\/tribe\/events\/v1\/tags\/1873","collection":"https:\/\/www.archiv-frau-musik.de\/fr\/wp-json\/tribe\/events\/v1\/tags"}},{"name":"Frankfurt","slug":"frankfurt","term_group":0,"term_taxonomy_id":152,"taxonomy":"post_tag","description":"","parent":0,"count":83,"filter":"raw","i18n_config":{"name":{"ts":{"de":"Frankfurt"}}},"id":151,"urls":{"self":"https:\/\/www.archiv-frau-musik.de\/fr\/wp-json\/tribe\/events\/v1\/tags\/151","collection":"https:\/\/www.archiv-frau-musik.de\/fr\/wp-json\/tribe\/events\/v1\/tags"}},{"name":"Gespr\u00e4chskonzert","slug":"gespraechskonzert","term_group":0,"term_taxonomy_id":808,"taxonomy":"post_tag","description":"","parent":0,"count":9,"filter":"raw","i18n_config":{"name":{"ts":{"de":"Gespr\u00e4chskonzert"}}},"id":807,"urls":{"self":"https:\/\/www.archiv-frau-musik.de\/fr\/wp-json\/tribe\/events\/v1\/tags\/807","collection":"https:\/\/www.archiv-frau-musik.de\/fr\/wp-json\/tribe\/events\/v1\/tags"}},{"name":"Kammermusik","slug":"kammermusik","term_group":0,"term_taxonomy_id":925,"taxonomy":"post_tag","description":"","parent":0,"count":3,"filter":"raw","i18n_config":{"name":{"ts":{"de":"Kammermusik"}}},"id":924,"urls":{"self":"https:\/\/www.archiv-frau-musik.de\/fr\/wp-json\/tribe\/events\/v1\/tags\/924","collection":"https:\/\/www.archiv-frau-musik.de\/fr\/wp-json\/tribe\/events\/v1\/tags"}},{"name":"Komponistinnen","slug":"komponistinnen","term_group":0,"term_taxonomy_id":188,"taxonomy":"post_tag","description":"","parent":0,"count":255,"filter":"raw","i18n_config":{"name":{"ts":{"de":"Komponistinnen"}}},"id":187,"urls":{"self":"https:\/\/www.archiv-frau-musik.de\/fr\/wp-json\/tribe\/events\/v1\/tags\/187","collection":"https:\/\/www.archiv-frau-musik.de\/fr\/wp-json\/tribe\/events\/v1\/tags"}},{"name":"Vortrag","slug":"vortrag","term_group":0,"term_taxonomy_id":198,"taxonomy":"post_tag","description":"","parent":0,"count":14,"filter":"raw","i18n_config":{"name":{"ts":{"de":"Vortrag"}}},"id":197,"urls":{"self":"https:\/\/www.archiv-frau-musik.de\/fr\/wp-json\/tribe\/events\/v1\/tags\/197","collection":"https:\/\/www.archiv-frau-musik.de\/fr\/wp-json\/tribe\/events\/v1\/tags"}}],"venue":{"id":10312,"author":"5","status":"publish","date":"2023-07-06 10:24:54","date_utc":"2023-07-06 08:24:54","modified":"2023-07-06 10:24:54","modified_utc":"2023-07-06 08:24:54","url":"https:\/\/www.archiv-frau-musik.de\/fr\/lieu\/stadtbuecherei-frankfurt","venue":"Stadtb\u00fccherei Frankfurt","slug":"stadtbuecherei-frankfurt","address":"Hasengasse 4","city":"Frankfurt\/Main","zip":"60311","website":"https:\/\/www.archiv-frau-musik.de\/archives\/cir-tania-rubio-acoustic-ecology-project-crowdfunding","json_ld":{"@type":"Place","name":"Stadtb\u00fccherei Frankfurt","description":"","url":"","address":{"@type":"PostalAddress","streetAddress":"Hasengasse 4","addressLocality":"Frankfurt\/Main","postalCode":"60311"},"telephone":"","sameAs":"https:\/\/www.archiv-frau-musik.de\/archives\/cir-tania-rubio-acoustic-ecology-project-crowdfunding"},"show_map":true,"show_map_link":true,"global_id":"www.archiv-frau-musik.de\/fr?id=10312","global_id_lineage":["www.archiv-frau-musik.de\/fr?id=10312"]},"organizer":[{"id":11694,"author":"5","status":"publish","date":"2024-08-13 11:01:04","date_utc":"2024-08-13 09:01:04","modified":"2024-08-13 11:01:04","modified_utc":"2024-08-13 09:01:04","url":"https:\/\/www.archiv-frau-musik.de\/fr\/organisateur\/broken-frames-syndicate","organizer":"Broken Frames Syndicate","slug":"broken-frames-syndicate","website":"https:\/\/brokenframessyndicate.com\/","json_ld":{"@type":"Person","name":"Broken Frames Syndicate","description":"","url":"https:\/\/brokenframessyndicate.com\/","telephone":"","email":"","sameAs":"https:\/\/brokenframessyndicate.com\/"},"global_id":"www.archiv-frau-musik.de\/fr?id=11694","global_id_lineage":["www.archiv-frau-musik.de\/fr?id=11694"]}],"custom_fields":[],"json_ld":{"@context":"http:\/\/schema.org","@type":"Event","name":"(Deutsch) Broken Frames Syndicate \u2013 Komponist*innen | Gespr\u00e4chskonzert","description":"&lt;p&gt;Montag, 9. September 2024, 19:30 Uhr, Hasengasse 4, 60311 Frankfurt\/Main (Stadtb\u00fccherei) BROKEN FRAMES SYNDICATE spielt zeitgen\u00f6ssische Musik und bringt ganzheitliche Konzerterlebnisse auf die B\u00fchne. Zu zehnt will das Ensemble Alternativen zum Gewohnten aufzeigen und steht ein f\u00fcr die kritische Auseinandersetzung mit gesellschaftsrelevanten Themen. Es spielt zeitgen\u00f6ssische Interpretationen von Schl\u00fcsselwerken der neueren Musikgeschichte und bietet einen ... &lt;a title=&quot;(Deutsch) Broken Frames Syndicate \u2013 Komponist*innen | Gespr\u00e4chskonzert&quot; class=&quot;read-more&quot; href=&quot;https:\/\/www.archiv-frau-musik.de\/fr\/event\/broken-frames-syndicate-komponistinnen-gespraechskonzert&quot; aria-label=&quot;En savoir plus sur (Deutsch) Broken Frames Syndicate \u2013 Komponist*innen | Gespr\u00e4chskonzert&quot;&gt;Weiterlesen ...&lt;\/a&gt;&lt;\/p&gt;\\n","url":"https:\/\/www.archiv-frau-musik.de\/fr\/event\/broken-frames-syndicate-komponistinnen-gespraechskonzert\/","eventAttendanceMode":"https:\/\/schema.org\/OfflineEventAttendanceMode","eventStatus":"https:\/\/schema.org\/EventScheduled","startDate":"2024-09-09T19:30:00+02:00","endDate":"2024-09-09T21:00:00+02:00","location":{"@type":"Place","name":"Stadtb\u00fccherei Frankfurt","description":"","url":"","address":{"@type":"PostalAddress","streetAddress":"Hasengasse 4","addressLocality":"Frankfurt\/Main","postalCode":"60311"},"telephone":"","sameAs":"https:\/\/www.archiv-frau-musik.de\/archives\/cir-tania-rubio-acoustic-ecology-project-crowdfunding"},"organizer":{"@type":"Person","name":"Broken Frames Syndicate","description":"","url":"https:\/\/brokenframessyndicate.com\/","telephone":"","email":"","sameAs":"https:\/\/brokenframessyndicate.com\/"},"performer":"Organization"}}