{"id":3858,"date":"2016-08-23T11:59:12","date_gmt":"2016-08-23T09:59:12","guid":{"rendered":"http:\/\/www.archiv-frau-musik.de\/?p=3858"},"modified":"2018-03-02T00:26:48","modified_gmt":"2018-03-01T23:26:48","slug":"30-august-201-ella-von-schultz-adaiewsky-musik-war-ihr-leben","status":"publish","type":"post","link":"https:\/\/www.archiv-frau-musik.de\/en\/archives\/30-august-201-ella-von-schultz-adaiewsky-musik-war-ihr-leben","title":{"rendered":"30. August 2016: Ella von Schultz-Ada\u00efewsky &#8211; Musik war ihr Leben"},"content":{"rendered":"<p>Ella von Schultz-Ada\u00efewsky (1846-1926)<br class=\"\" \/> Eine Komponistin und Pianistin zwischen St. Petersburg, Venedig und Bonn<\/p>\n<p>Dienstag, 30. August 2016, 18 Uhr, Mediathek (Turnergarten) der Emil-von-Behring-Schule, Sybelstra\u00dfe 9, Eintrit frei<br \/>\n<br class=\"\" \/> Mit Martina Doehring (Sopran) und Aivars Kal\u0113js (Piano) in Kooperation mit<br class=\"\" \/> der Emil-von-Behring-Schule<br class=\"\" \/> <br class=\"\" \/> <br class=\"\" \/> Am 30. August 2016 gibt es ein Wiedersehen mit der L\u00fcbecker Sopranistin<br class=\"\" \/> Martina Doehring und ihrem Duopartner am Piano Aivars Kal\u0113js, dem<br class=\"\" \/> langj\u00e4hrigen Konzertorganisten des Doms zu Riga.<br \/>\n<br class=\"\" \/> Die beiden K\u00fcnstler, die bereits im letzten September in Marburg zu Gast<br class=\"\" \/> waren und Publikum wie Presse mit einem \u201eFeuerwerk f\u00fcr Augen und Ohren\u201c<br class=\"\" \/> (Oberhessische Presse) begeisterten, werden in diesem Jahr in den<br class=\"\" \/> Turnergarten der Emil-von-Behring-Schule in Marburg ein neues Programm<br class=\"\" \/> mitbringen. Das in Marburg als Premiere aufgef\u00fchrte Programm, wird wenige<br class=\"\" \/> Tage sp\u00e4ter im Rahmen der Estnischen Kulturtage<br class=\"\" \/> <em>Domus Revaliensis<\/em> im Spiegelsaal der Akademie der Wissenschaften in<br class=\"\" \/> Tallinn wiederholt.<br \/>\n<br class=\"\" \/> Martina Doehring wird diesmal das lange und bewegte Leben der<br class=\"\" \/> komponierenden Pianistin Ella von Schultz-Ada\u00efewsky nachzeichnen und ihre<br class=\"\" \/> Musik gemeinsam mit Aivars Kal\u0113js am Fl\u00fcgel vorstellen. Dazu hat das<br class=\"\" \/> Herder-Institut der S\u00e4ngerin Einsicht in die Handschriften aus dem<br class=\"\" \/> Musikbestand der Forschungsbibliothek gew\u00e4hrt, aus denen sie mit<br class=\"\" \/> \u201eErz\u00e4hltalent voll Witz und Charme\u201c (Kieler Nachrichten) nicht nur ein<br class=\"\" \/> menschlich bewegendes Portrait der 1846 in St. Petersburg geborenen<br class=\"\" \/> russischen Komponistin mit deutschbaltischen Wurzeln schaffen konnte, sondern auch ein Bild ihrer Zeit und ihrer Familie, die beide bedeutenden Einfluss gehabt haben auf<br class=\"\" \/> das Werk der Ella von Schultz-Ada\u00efewsky.<br class=\"\" \/>Erleben Sie das musikalische Erbe der Ella von Schultz-Ada\u00efewsky in einer<br class=\"\" \/> mitrei\u00dfenden Pr\u00e4sentation!<\/p>\n","protected":false},"excerpt":{"rendered":"<p>Ella von Schultz-Ada\u00efewsky (1846-1926) Eine Komponistin und Pianistin zwischen St. Petersburg, Venedig und Bonn Dienstag, 30. August 2016, 18 Uhr, Mediathek (Turnergarten) der Emil-von-Behring-Schule, Sybelstra\u00dfe 9, Eintrit frei Mit Martina Doehring (Sopran) und Aivars Kal\u0113js (Piano) in Kooperation mit der Emil-von-Behring-Schule Am 30. August 2016 gibt es ein Wiedersehen mit der L\u00fcbecker Sopranistin Martina Doehring &#8230; <a title=\"30. August 2016: Ella von Schultz-Ada\u00efewsky &#8211; Musik war ihr Leben\" class=\"read-more\" href=\"https:\/\/www.archiv-frau-musik.de\/en\/archives\/30-august-201-ella-von-schultz-adaiewsky-musik-war-ihr-leben\" aria-label=\"Read more about 30. August 2016: Ella von Schultz-Ada\u00efewsky &#8211; Musik war ihr Leben\">Weiterlesen &#8230;<\/a><\/p>\n","protected":false},"author":5,"featured_media":0,"comment_status":"closed","ping_status":"closed","sticky":false,"template":"","format":"standard","meta":{"generate_page_header":"","footnotes":"","_wpscppro_dont_share_socialmedia":false,"_wpscppro_custom_social_share_image":0,"_facebook_share_type":"","_twitter_share_type":"","_linkedin_share_type":"","_pinterest_share_type":"","_linkedin_share_type_page":"","_instagram_share_type":"","_medium_share_type":"","_threads_share_type":"","_google_business_share_type":"","_selected_social_profile":[],"_wpsp_enable_custom_social_template":false,"_wpsp_social_scheduling":{"enabled":false,"datetime":null,"platforms":[],"status":"template_only","dateOption":"today","timeOption":"now","customDays":"","customHours":"","customDate":"","customTime":"","schedulingType":"absolute"},"_wpsp_active_default_template":true},"categories":[131],"tags":[],"class_list":["post-3858","post","type-post","status-publish","format-standard","hentry","category-veranstaltung","masonry-post","generate-columns","tablet-grid-50","mobile-grid-100","grid-parent","grid-33"],"yoast_head":"<!-- This site is optimized with the Yoast SEO plugin v27.5 - https:\/\/yoast.com\/product\/yoast-seo-wordpress\/ -->\n<title>30. August 2016: Ella von Schultz-Ada\u00efewsky - Musik war ihr Leben &#8211; Archiv Frau und Musik<\/title>\n<meta name=\"robots\" content=\"index, follow, max-snippet:-1, max-image-preview:large, max-video-preview:-1\" \/>\n<link rel=\"canonical\" href=\"https:\/\/www.archiv-frau-musik.de\/en\/archives\/30-august-201-ella-von-schultz-adaiewsky-musik-war-ihr-leben\" \/>\n<meta property=\"og:locale\" content=\"en_US\" \/>\n<meta property=\"og:type\" content=\"article\" \/>\n<meta property=\"og:title\" content=\"30. August 2016: Ella von Schultz-Ada\u00efewsky - Musik war ihr Leben &#8211; Archiv Frau und Musik\" \/>\n<meta property=\"og:description\" content=\"Ella von Schultz-Ada\u00efewsky (1846-1926) Eine Komponistin und Pianistin zwischen St. Petersburg, Venedig und Bonn Dienstag, 30. August 2016, 18 Uhr, Mediathek (Turnergarten) der Emil-von-Behring-Schule, Sybelstra\u00dfe 9, Eintrit frei Mit Martina Doehring (Sopran) und Aivars Kal\u0113js (Piano) in Kooperation mit der Emil-von-Behring-Schule Am 30. August 2016 gibt es ein Wiedersehen mit der L\u00fcbecker Sopranistin Martina Doehring ... Weiterlesen ...\" \/>\n<meta property=\"og:url\" content=\"https:\/\/www.archiv-frau-musik.de\/en\/archives\/30-august-201-ella-von-schultz-adaiewsky-musik-war-ihr-leben\" \/>\n<meta property=\"og:site_name\" content=\"Archiv Frau und Musik\" \/>\n<meta property=\"article:published_time\" content=\"2016-08-23T09:59:12+00:00\" \/>\n<meta property=\"article:modified_time\" content=\"2018-03-01T23:26:48+00:00\" \/>\n<meta name=\"author\" content=\"Susanne Wosnitzka\" \/>\n<meta name=\"twitter:card\" content=\"summary_large_image\" \/>\n<meta name=\"twitter:label1\" content=\"Written by\" \/>\n\t<meta name=\"twitter:data1\" content=\"Susanne Wosnitzka\" \/>\n\t<meta name=\"twitter:label2\" content=\"Est. reading time\" \/>\n\t<meta name=\"twitter:data2\" content=\"1 minute\" \/>\n<script type=\"application\/ld+json\" class=\"yoast-schema-graph\">{\"@context\":\"https:\\\/\\\/schema.org\",\"@graph\":[{\"@type\":\"Article\",\"@id\":\"https:\\\/\\\/www.archiv-frau-musik.de\\\/archives\\\/30-august-201-ella-von-schultz-adaiewsky-musik-war-ihr-leben#article\",\"isPartOf\":{\"@id\":\"https:\\\/\\\/www.archiv-frau-musik.de\\\/archives\\\/30-august-201-ella-von-schultz-adaiewsky-musik-war-ihr-leben\"},\"author\":{\"name\":\"Susanne Wosnitzka\",\"@id\":\"https:\\\/\\\/www.archiv-frau-musik.de\\\/en\\\/#\\\/schema\\\/person\\\/098b86c964d3428203bd1fa833f8499f\"},\"headline\":\"30. August 2016: Ella von Schultz-Ada\u00efewsky &#8211; Musik war ihr Leben\",\"datePublished\":\"2016-08-23T09:59:12+00:00\",\"dateModified\":\"2018-03-01T23:26:48+00:00\",\"mainEntityOfPage\":{\"@id\":\"https:\\\/\\\/www.archiv-frau-musik.de\\\/archives\\\/30-august-201-ella-von-schultz-adaiewsky-musik-war-ihr-leben\"},\"wordCount\":268,\"articleSection\":[\"\"],\"inLanguage\":\"en-US\"},{\"@type\":\"WebPage\",\"@id\":\"https:\\\/\\\/www.archiv-frau-musik.de\\\/en\\\/archives\\\/30-august-201-ella-von-schultz-adaiewsky-musik-war-ihr-leben\",\"url\":\"https:\\\/\\\/www.archiv-frau-musik.de\\\/en\\\/archives\\\/30-august-201-ella-von-schultz-adaiewsky-musik-war-ihr-leben\",\"name\":\"30. August 2016: Ella von Schultz-Ada\u00efewsky - Musik war ihr Leben &#8211; Archiv Frau und Musik\",\"isPartOf\":{\"@id\":\"https:\\\/\\\/www.archiv-frau-musik.de\\\/en\\\/#website\"},\"datePublished\":\"2016-08-23T09:59:12+00:00\",\"dateModified\":\"2018-03-01T23:26:48+00:00\",\"author\":{\"@id\":\"https:\\\/\\\/www.archiv-frau-musik.de\\\/en\\\/#\\\/schema\\\/person\\\/098b86c964d3428203bd1fa833f8499f\"},\"breadcrumb\":{\"@id\":\"https:\\\/\\\/www.archiv-frau-musik.de\\\/en\\\/archives\\\/30-august-201-ella-von-schultz-adaiewsky-musik-war-ihr-leben#breadcrumb\"},\"inLanguage\":\"en-US\",\"potentialAction\":[{\"@type\":\"ReadAction\",\"target\":[[\"https:\\\/\\\/www.archiv-frau-musik.de\\\/en\\\/archives\\\/30-august-201-ella-von-schultz-adaiewsky-musik-war-ihr-leben\"]]}]},{\"@type\":\"BreadcrumbList\",\"@id\":\"https:\\\/\\\/www.archiv-frau-musik.de\\\/en\\\/archives\\\/30-august-201-ella-von-schultz-adaiewsky-musik-war-ihr-leben#breadcrumb\",\"itemListElement\":[{\"@type\":\"ListItem\",\"position\":1,\"name\":\"Startseite\",\"item\":\"https:\\\/\\\/www.archiv-frau-musik.de\\\/en\\\/\"},{\"@type\":\"ListItem\",\"position\":2,\"name\":\"30. August 2016: Ella von Schultz-Ada\u00efewsky &#8211; Musik war ihr Leben\"}]},{\"@type\":\"WebSite\",\"@id\":\"https:\\\/\\\/www.archiv-frau-musik.de\\\/en\\\/#website\",\"url\":\"https:\\\/\\\/www.archiv-frau-musik.de\\\/en\\\/\",\"name\":\"Archiv Frau und Musik\",\"description\":\"\",\"potentialAction\":[{\"@type\":\"SearchAction\",\"target\":{\"@type\":\"EntryPoint\",\"urlTemplate\":\"https:\\\/\\\/www.archiv-frau-musik.de\\\/en\\\/?s={search_term_string}\"},\"query-input\":{\"@type\":\"PropertyValueSpecification\",\"valueRequired\":true,\"valueName\":\"search_term_string\"}}],\"inLanguage\":\"en-US\"},{\"@type\":\"Person\",\"@id\":\"https:\\\/\\\/www.archiv-frau-musik.de\\\/en\\\/#\\\/schema\\\/person\\\/098b86c964d3428203bd1fa833f8499f\",\"name\":\"Susanne Wosnitzka\",\"image\":{\"@type\":\"ImageObject\",\"inLanguage\":\"en-US\",\"@id\":\"https:\\\/\\\/secure.gravatar.com\\\/avatar\\\/4b8dc71d4a6bc86326708727ed7153c065df0707bac62859beeebe4c03021c70?s=96&d=identicon&r=g\",\"url\":\"https:\\\/\\\/secure.gravatar.com\\\/avatar\\\/4b8dc71d4a6bc86326708727ed7153c065df0707bac62859beeebe4c03021c70?s=96&d=identicon&r=g\",\"contentUrl\":\"https:\\\/\\\/secure.gravatar.com\\\/avatar\\\/4b8dc71d4a6bc86326708727ed7153c065df0707bac62859beeebe4c03021c70?s=96&d=identicon&r=g\",\"caption\":\"Susanne Wosnitzka\"},\"sameAs\":[\"https:\\\/\\\/www.susanne-wosnitzka.de\"],\"url\":\"https:\\\/\\\/www.archiv-frau-musik.de\\\/en\\\/archives\\\/author\\\/wosnitzka\"}]}<\/script>\n<!-- \/ Yoast SEO plugin. -->","yoast_head_json":{"title":"30. August 2016: Ella von Schultz-Ada\u00efewsky - Musik war ihr Leben &#8211; Archiv Frau und Musik","robots":{"index":"index","follow":"follow","max-snippet":"max-snippet:-1","max-image-preview":"max-image-preview:large","max-video-preview":"max-video-preview:-1"},"canonical":"https:\/\/www.archiv-frau-musik.de\/en\/archives\/30-august-201-ella-von-schultz-adaiewsky-musik-war-ihr-leben","og_locale":"en_US","og_type":"article","og_title":"30. August 2016: Ella von Schultz-Ada\u00efewsky - Musik war ihr Leben &#8211; Archiv Frau und Musik","og_description":"Ella von Schultz-Ada\u00efewsky (1846-1926) Eine Komponistin und Pianistin zwischen St. Petersburg, Venedig und Bonn Dienstag, 30. August 2016, 18 Uhr, Mediathek (Turnergarten) der Emil-von-Behring-Schule, Sybelstra\u00dfe 9, Eintrit frei Mit Martina Doehring (Sopran) und Aivars Kal\u0113js (Piano) in Kooperation mit der Emil-von-Behring-Schule Am 30. August 2016 gibt es ein Wiedersehen mit der L\u00fcbecker Sopranistin Martina Doehring ... Weiterlesen ...","og_url":"https:\/\/www.archiv-frau-musik.de\/en\/archives\/30-august-201-ella-von-schultz-adaiewsky-musik-war-ihr-leben","og_site_name":"Archiv Frau und Musik","article_published_time":"2016-08-23T09:59:12+00:00","article_modified_time":"2018-03-01T23:26:48+00:00","author":"Susanne Wosnitzka","twitter_card":"summary_large_image","twitter_misc":{"Written by":"Susanne Wosnitzka","Est. reading time":"1 minute"},"schema":{"@context":"https:\/\/schema.org","@graph":[{"@type":"Article","@id":"https:\/\/www.archiv-frau-musik.de\/archives\/30-august-201-ella-von-schultz-adaiewsky-musik-war-ihr-leben#article","isPartOf":{"@id":"https:\/\/www.archiv-frau-musik.de\/archives\/30-august-201-ella-von-schultz-adaiewsky-musik-war-ihr-leben"},"author":{"name":"Susanne Wosnitzka","@id":"https:\/\/www.archiv-frau-musik.de\/en\/#\/schema\/person\/098b86c964d3428203bd1fa833f8499f"},"headline":"30. August 2016: Ella von Schultz-Ada\u00efewsky &#8211; Musik war ihr Leben","datePublished":"2016-08-23T09:59:12+00:00","dateModified":"2018-03-01T23:26:48+00:00","mainEntityOfPage":{"@id":"https:\/\/www.archiv-frau-musik.de\/archives\/30-august-201-ella-von-schultz-adaiewsky-musik-war-ihr-leben"},"wordCount":268,"articleSection":[""],"inLanguage":"en-US"},{"@type":"WebPage","@id":"https:\/\/www.archiv-frau-musik.de\/en\/archives\/30-august-201-ella-von-schultz-adaiewsky-musik-war-ihr-leben","url":"https:\/\/www.archiv-frau-musik.de\/en\/archives\/30-august-201-ella-von-schultz-adaiewsky-musik-war-ihr-leben","name":"30. August 2016: Ella von Schultz-Ada\u00efewsky - Musik war ihr Leben &#8211; Archiv Frau und Musik","isPartOf":{"@id":"https:\/\/www.archiv-frau-musik.de\/en\/#website"},"datePublished":"2016-08-23T09:59:12+00:00","dateModified":"2018-03-01T23:26:48+00:00","author":{"@id":"https:\/\/www.archiv-frau-musik.de\/en\/#\/schema\/person\/098b86c964d3428203bd1fa833f8499f"},"breadcrumb":{"@id":"https:\/\/www.archiv-frau-musik.de\/en\/archives\/30-august-201-ella-von-schultz-adaiewsky-musik-war-ihr-leben#breadcrumb"},"inLanguage":"en-US","potentialAction":[{"@type":"ReadAction","target":[["https:\/\/www.archiv-frau-musik.de\/en\/archives\/30-august-201-ella-von-schultz-adaiewsky-musik-war-ihr-leben"]]}]},{"@type":"BreadcrumbList","@id":"https:\/\/www.archiv-frau-musik.de\/en\/archives\/30-august-201-ella-von-schultz-adaiewsky-musik-war-ihr-leben#breadcrumb","itemListElement":[{"@type":"ListItem","position":1,"name":"Startseite","item":"https:\/\/www.archiv-frau-musik.de\/en\/"},{"@type":"ListItem","position":2,"name":"30. August 2016: Ella von Schultz-Ada\u00efewsky &#8211; Musik war ihr Leben"}]},{"@type":"WebSite","@id":"https:\/\/www.archiv-frau-musik.de\/en\/#website","url":"https:\/\/www.archiv-frau-musik.de\/en\/","name":"Archiv Frau und Musik","description":"","potentialAction":[{"@type":"SearchAction","target":{"@type":"EntryPoint","urlTemplate":"https:\/\/www.archiv-frau-musik.de\/en\/?s={search_term_string}"},"query-input":{"@type":"PropertyValueSpecification","valueRequired":true,"valueName":"search_term_string"}}],"inLanguage":"en-US"},{"@type":"Person","@id":"https:\/\/www.archiv-frau-musik.de\/en\/#\/schema\/person\/098b86c964d3428203bd1fa833f8499f","name":"Susanne Wosnitzka","image":{"@type":"ImageObject","inLanguage":"en-US","@id":"https:\/\/secure.gravatar.com\/avatar\/4b8dc71d4a6bc86326708727ed7153c065df0707bac62859beeebe4c03021c70?s=96&d=identicon&r=g","url":"https:\/\/secure.gravatar.com\/avatar\/4b8dc71d4a6bc86326708727ed7153c065df0707bac62859beeebe4c03021c70?s=96&d=identicon&r=g","contentUrl":"https:\/\/secure.gravatar.com\/avatar\/4b8dc71d4a6bc86326708727ed7153c065df0707bac62859beeebe4c03021c70?s=96&d=identicon&r=g","caption":"Susanne Wosnitzka"},"sameAs":["https:\/\/www.susanne-wosnitzka.de"],"url":"https:\/\/www.archiv-frau-musik.de\/en\/archives\/author\/wosnitzka"}]}},"_links":{"self":[{"href":"https:\/\/www.archiv-frau-musik.de\/en\/wp-json\/wp\/v2\/posts\/3858","targetHints":{"allow":["GET"]}}],"collection":[{"href":"https:\/\/www.archiv-frau-musik.de\/en\/wp-json\/wp\/v2\/posts"}],"about":[{"href":"https:\/\/www.archiv-frau-musik.de\/en\/wp-json\/wp\/v2\/types\/post"}],"author":[{"embeddable":true,"href":"https:\/\/www.archiv-frau-musik.de\/en\/wp-json\/wp\/v2\/users\/5"}],"replies":[{"embeddable":true,"href":"https:\/\/www.archiv-frau-musik.de\/en\/wp-json\/wp\/v2\/comments?post=3858"}],"version-history":[{"count":1,"href":"https:\/\/www.archiv-frau-musik.de\/en\/wp-json\/wp\/v2\/posts\/3858\/revisions"}],"predecessor-version":[{"id":5498,"href":"https:\/\/www.archiv-frau-musik.de\/en\/wp-json\/wp\/v2\/posts\/3858\/revisions\/5498"}],"wp:attachment":[{"href":"https:\/\/www.archiv-frau-musik.de\/en\/wp-json\/wp\/v2\/media?parent=3858"}],"wp:term":[{"taxonomy":"category","embeddable":true,"href":"https:\/\/www.archiv-frau-musik.de\/en\/wp-json\/wp\/v2\/categories?post=3858"},{"taxonomy":"post_tag","embeddable":true,"href":"https:\/\/www.archiv-frau-musik.de\/en\/wp-json\/wp\/v2\/tags?post=3858"}],"curies":[{"name":"wp","href":"https:\/\/api.w.org\/{rel}","templated":true}]}}