{"id":3528,"date":"2016-03-02T09:29:06","date_gmt":"2016-03-02T08:29:06","guid":{"rendered":"http:\/\/www.archiv-frau-musik.de\/?p=3528"},"modified":"2018-03-02T00:35:33","modified_gmt":"2018-03-01T23:35:33","slug":"2016-april-02-werke-von-komponistinnen-im-rahmen-der-fruehjahrstagung-inmm-in-darmstadt","status":"publish","type":"post","link":"https:\/\/www.archiv-frau-musik.de\/en\/archives\/2016-april-02-werke-von-komponistinnen-im-rahmen-der-fruehjahrstagung-inmm-in-darmstadt","title":{"rendered":"2016 April 02 &#8211; Werke von Komponistinnen im Rahmen der Fr\u00fchjahrstagung INMM in Darmstadt"},"content":{"rendered":"<p><strong>Body sounds. Fr\u00fchjahrstagung des INMM in Darmstadt<\/strong><\/p>\n<p style=\"text-align: justify;\">Das Institut f\u00fcr Neue Musik und Musikerziehung veranstaltet von \u00a0Mittwoch, 30. M\u00e4rz bis Samstag, 2. April 2016 seine 70. Fr\u00fchjahrstagung mit dem Titel <strong><em>Body sounds. Aspekte des K\u00f6rperlichen in Neuer Musik. <\/em><\/strong>Veranstaltungsort ist die Akademie f\u00fcr Tonkunst in Darmstadt.(Ludwigsh\u00f6hstra\u00dfe 120, 64285 Darmstadt).<\/p>\n<p style=\"text-align: justify;\"><strong>Die Tagung<\/strong> widmet sich einem ebenso wichtigen wie aktuellen Thema der Gegenwartsmusik, das dazu verhelfen kann, deren Perspektivenreichtum zu vermitteln. Es geht dabei ebenso um Referenzbeispiele der letzten Jahrzehnte wie um Strategien von Komponistinnen\/Komponisten der mittleren und j\u00fcngeren Generation. Ziel ist die gemeinsame Reflexion dar\u00fcber, in welcher Weise sich Aspekte des K\u00f6rperlichen in Musik konkret artikulieren und welche Wege der Auff\u00fchrung und des Erlebens dabei wesentlich sein k\u00f6nnen. Bewusst werden in den Vortr\u00e4gen, Workshops und Konzerten der Fr\u00fchjahrstagung sehr unterschiedliche Ans\u00e4tze erfahrbar gemacht.<\/p>\n<p style=\"text-align: justify;\"><strong>Zu Gast sein<\/strong> und miteinander diskutieren werden u.a. die KomponistInnen Nicolaus A. Huber, Heinz Holliger, Gerhard St\u00e4bler, Jennifer Walshe, Alexander Schubert, Robin Hoffmann, der Philosoph Bernhard Waldenfels, die Choreographin Sasha Waltz sowie viele andere namhafte K\u00fcnstlerInnen und Wissenschaftlerlnnen unterschiedlicher Bereiche. Teil des Tagungsprogramms sind nat\u00fcrlich auch dieses Mal wieder verschiedene Workshops und mehrere Konzerte. Im Rahmen Tagung wird erneut ein dreistufiges Modell zur altersgerechten Vermittlung Neuer Musik durch praktische Arbeit angeboten, das mehrere Altersstufen umfasst.<\/p>\n<p style=\"text-align: justify;\">Als ganz besondere Aktion gibt es <strong>zum Jubil\u00e4um der 70. Tagung<\/strong> ein Chorprojekt, bei dem Darmst\u00e4dter B\u00fcrgerinnen und B\u00fcrger aller Bereiche, unabh\u00e4ngig von jeglichen musikalischen Vorkenntnissen oder sonstiger Vorbildung, aktiv an der Arbeit des INMM teilhaben k\u00f6nnen:<\/p>\n<p style=\"text-align: justify;\"><strong>Phil Minton: The Feral Choir. <\/strong><strong>Der wilde ungez\u00e4hmte Chor<\/strong> (offen f\u00fcr jeden, der atmen kann). Ein CHOR-PROJEKT f\u00fcr jederman und jedefrau.<\/p>\n<p style=\"text-align: justify;\">Mitmachen k\u00f6nnen alle, die lustvoll und mit Experimentierfreude die Freiheit im stimmlichen Ausdruck entdecken und entwickeln wollen. Neugier gen\u00fcgt &#8211; Phil Minton spricht mit diesem Projekt ausdr\u00fccklich auch Menschen an, die meinen, nicht singen zu k\u00f6nnen, und er ist davon \u00fcberzeugt, dass jeder, der atmen kann, auch dazu in der Lage ist, Kl\u00e4nge hervorzubringen, die einen \u00e4sthetischen Beitrag zum Spektrum der menschlichen Stimme darstellen. Jeder Teilnehmer erf\u00e4hrt einen anderen Zugang zur eigenen Stimme und zum gemeinsamen Singen.<\/p>\n<p style=\"text-align: justify;\">Dieser Workshop findet statt am Mittwoch, 30.3., Donnerstag 31.3. und Freitag 1.4. jeweils von 17-19 Uhr im Gew\u00f6lbekeller des Jazzinstituts Darmstadt (Bessunger Stra\u00dfe 88D). Er ist kostenfrei und kann an einzelnen oder auch an allen drei Tagen besucht werden. Am Samstagvormittag (2.4.) gibt es eine gemeinsamen Probe und um 13 Uhr ein Abschlusskonzert in der Akademie f\u00fcr Tonkunst, Darmstadt.<\/p>\n<p style=\"text-align: justify;\">(Anmeldung erbeten. Anmeldeformular auf <a href=\"http:\/\/www.neue-musik.org\">www.neue-musik.org<\/a>, Kontakt:\u00a0 <a href=\"mailto:inmm@neue-musik.org\">inmm@neue-musik.org<\/a>, Telefon 06151 46667)<\/p>\n<p><strong>\u00a0<\/strong><\/p>\n<p><strong>Folgende Konzerte finden im Rahmen der Tagung statt:<\/strong><\/p>\n<p style=\"text-align: justify;\">Mittwoch, 30.M\u00e4rz Er\u00f6ffnungsabend<strong><br \/>\nGespr\u00e4chskonzert <\/strong>mit Christian Dierstein\u00a0\u00a0\u00a0\u00a0\u00a0\u00a0\u00a0\u00a0\u00a0\u00a0\u00a0\u00a0\u00a0\u00a0\u00a0\u00a0\u00a0\u00a0\u00a0\u00a0\u00a0\u00a0\u00a0\u00a0\u00a0\u00a0\u00a0\u00a0\u00a0\u00a0\u00a0\u00a0\u00a0\u00a0\u00a0\u00a0\u00a0\u00a0\u00a0\u00a0\u00a0\u00a0\u00a0\u00a0\u00a0\u00a0\u00a0\u00a0\u00a0\u00a0\u00a0\u00a0\u00a0\u00a0\u00a0\u00a0\u00a0\u00a0\u00a0\u00a0\u00a0\u00a0\u00a0\u00a0\u00a0\u00a0\u00a0\u00a0\u00a0\u00a0\u00a0\u00a0\u00a0\u00a0\u00a0\u00a0\u00a0\u00a0\u00a0\u00a0 Werke von Robin Hoffmann, Vinko Globokar,\u00a0 Dieter Schnebel, Manos Tsangaris, Fran\u00e7ois Sarhan, Georges Aperghis, Heinz Holliger<\/p>\n<p>Donnerstag, 31. M\u00e4rz\u00a0\u00a0\u00a0\u00a0\u00a0\u00a0\u00a0\u00a0\u00a0\u00a0\u00a0\u00a0\u00a0\u00a0\u00a0\u00a0\u00a0\u00a0\u00a0\u00a0\u00a0\u00a0\u00a0\u00a0\u00a0\u00a0\u00a0\u00a0\u00a0\u00a0\u00a0\u00a0\u00a0\u00a0\u00a0\u00a0\u00a0\u00a0\u00a0\u00a0\u00a0\u00a0\u00a0\u00a0\u00a0\u00a0\u00a0\u00a0\u00a0\u00a0\u00a0\u00a0\u00a0\u00a0\u00a0\u00a0\u00a0\u00a0\u00a0\u00a0\u00a0\u00a0\u00a0\u00a0\u00a0\u00a0\u00a0\u00a0\u00a0\u00a0\u00a0\u00a0\u00a0\u00a0\u00a0\u00a0\u00a0\u00a0\u00a0\u00a0\u00a0\u00a0\u00a0\u00a0\u00a0\u00a0\u00a0\u00a0\u00a0\u00a0\u00a0\u00a0\u00a0\u00a0\u00a0\u00a0\u00a0\u00a0\u00a0\u00a0\u00a0\u00a0\u00a0\u00a0\u00a0\u00a0\u00a0\u00a0\u00a0\u00a0\u00a0\u00a0\u00a0\u00a0\u00a0\u00a0\u00a0\u00a0 19.30 Uhr:\u00a0 <strong>KONZERT mit dem Ensemble Phorminx\u00a0\u00a0\u00a0\u00a0\u00a0\u00a0\u00a0\u00a0\u00a0\u00a0\u00a0\u00a0\u00a0\u00a0\u00a0\u00a0\u00a0\u00a0\u00a0\u00a0\u00a0\u00a0\u00a0\u00a0\u00a0\u00a0\u00a0\u00a0\u00a0\u00a0\u00a0\u00a0\u00a0\u00a0\u00a0\u00a0\u00a0\u00a0\u00a0\u00a0\u00a0\u00a0\u00a0\u00a0\u00a0\u00a0\u00a0 <\/strong>Werke von Heinz Holliger, Nicolaus A. Huber, Robin Hoffmann, Georg Friedrich Haas<\/p>\n<p style=\"text-align: justify;\">Freitag, 1. April<br \/>\n19:30 Uhr:\u00a0 <strong>KONZERT\u00a0 m<\/strong>it: Kiri Haardt, Tanz;\u00a0 Jonathan Shapiro, Schlagzeug,; Jennifer Walshe, Performance, Eva Z\u00f6llner, Akkordeon .<br \/>\nMit Werken von Uwe Rasch, Alexander Schubert, Jagoda Szmytka, Jennifer\u00a0 Walshe<\/p>\n<p>Freitag, 1.April<br \/>\n22.30 Uhr: <strong>NACHTKONZERT<\/strong>\u00a0 im Gew\u00f6lbekeller des Jazzinstituts Darmstadt\u00a0\u00a0\u00a0\u00a0\u00a0\u00a0\u00a0\u00a0\u00a0\u00a0\u00a0\u00a0\u00a0\u00a0 Phil Minton:\u00a0 &#8216;A Solo Feral Voice&#8217; \u00a0 \u00a0 \u00a0 \u00a0 \u00a0 \u00a0 \u00a0 \u00a0 \u00a0 \u00a0 \u00a0 \u00a0 \u00a0 \u00a0 \u00a0 \u00a0 \u00a0 \u00a0 \u00a0 \u00a0\u00a0\u00a0\u00a0\u00a0\u00a0\u00a0\u00a0\u00a0\u00a0\u00a0\u00a0\u00a0\u00a0\u00a0\u00a0\u00a0\u00a0\u00a0\u00a0\u00a0\u00a0\u00a0\u00a0\u00a0\u00a0\u00a0\u00a0\u00a0\u00a0\u00a0\u00a0\u00a0\u00a0\u00a0\u00a0\u00a0\u00a0\u00a0\u00a0\u00a0\u00a0\u00a0\u00a0\u00a0\u00a0\u00a0\u00a0\u00a0\u00a0\u00a0\u00a0\u00a0\u00a0\u00a0\u00a0\u00a0\u00a0\u00a0\u00a0\u00a0\u00a0\u00a0 A rediscovery through improvisation of some of the natural possibilities of our first musical instrument.<\/p>\n<p>Samstag, 2. April 13:00 Uhr\u00a0\u00a0\u00a0\u00a0\u00a0\u00a0\u00a0\u00a0\u00a0\u00a0\u00a0\u00a0\u00a0\u00a0\u00a0\u00a0\u00a0\u00a0\u00a0\u00a0\u00a0\u00a0\u00a0\u00a0\u00a0\u00a0\u00a0\u00a0\u00a0\u00a0\u00a0\u00a0\u00a0\u00a0\u00a0\u00a0\u00a0\u00a0\u00a0\u00a0\u00a0\u00a0\u00a0\u00a0\u00a0\u00a0\u00a0\u00a0\u00a0\u00a0\u00a0\u00a0\u00a0\u00a0\u00a0\u00a0\u00a0\u00a0\u00a0\u00a0\u00a0\u00a0\u00a0\u00a0\u00a0\u00a0\u00a0\u00a0\u00a0\u00a0\u00a0\u00a0\u00a0\u00a0\u00a0\u00a0\u00a0\u00a0\u00a0\u00a0\u00a0\u00a0\u00a0\u00a0\u00a0\u00a0\u00a0\u00a0\u00a0\u00a0\u00a0\u00a0\u00a0\u00a0 <strong>Musikalische Pr\u00e4sentation von Interpretationskurs, Musikwerkstatt und Wiesenkonzert\u00a0\u00a0\u00a0\u00a0\u00a0\u00a0\u00a0\u00a0\u00a0\u00a0\u00a0\u00a0\u00a0\u00a0\u00a0\u00a0\u00a0\u00a0\u00a0\u00a0\u00a0\u00a0\u00a0\u00a0\u00a0\u00a0\u00a0\u00a0\u00a0\u00a0\u00a0\u00a0\u00a0\u00a0\u00a0\u00a0\u00a0\u00a0\u00a0\u00a0\u00a0\u00a0\u00a0\u00a0\u00a0\u00a0\u00a0\u00a0\u00a0\u00a0\u00a0\u00a0\u00a0\u00a0\u00a0\u00a0\u00a0\u00a0\u00a0\u00a0\u00a0\u00a0\u00a0\u00a0\u00a0\u00a0\u00a0\u00a0\u00a0\u00a0\u00a0\u00a0\u00a0\u00a0\u00a0\u00a0\u00a0\u00a0\u00a0\u00a0\u00a0\u00a0\u00a0\u00a0\u00a0\u00a0\u00a0\u00a0\u00a0\u00a0\u00a0\u00a0\u00a0\u00a0\u00a0\u00a0\u00a0\u00a0\u00a0\u00a0\u00a0\u00a0\u00a0\u00a0\u00a0\u00a0 <\/strong>Pr\u00e4sentation des Projekts The Feral Choir. Der wilde ungez\u00e4hmte Chor<\/p>\n<p style=\"text-align: justify;\"><strong>Kurse f\u00fcr Kinder, Jugendliche und Studierende:\u00a0\u00a0\u00a0\u00a0\u00a0\u00a0\u00a0\u00a0\u00a0\u00a0\u00a0\u00a0\u00a0\u00a0\u00a0\u00a0\u00a0\u00a0\u00a0\u00a0\u00a0\u00a0\u00a0\u00a0\u00a0\u00a0\u00a0\u00a0\u00a0\u00a0\u00a0\u00a0\u00a0\u00a0\u00a0\u00a0\u00a0\u00a0\u00a0\u00a0\u00a0\u00a0\u00a0\u00a0\u00a0\u00a0\u00a0\u00a0\u00a0\u00a0\u00a0\u00a0\u00a0\u00a0 <\/strong>Im Rahmen Tagung wird ein dreistufiges Modell zur altersgerechten Vermittlung Neuer Musik durch praktische Arbeit angeboten, das die Altersstufen vom Kleinkind bis zur Studienreife umfasst.<\/p>\n<p><strong>Wiesenkonzert<\/strong><br \/>\nf\u00fcr Kindergartenkinder (geschlossene Gruppe, 4-5 Jahre)\u00a0\u00a0\u00a0\u00a0\u00a0\u00a0\u00a0\u00a0\u00a0\u00a0\u00a0\u00a0\u00a0\u00a0\u00a0\u00a0\u00a0\u00a0\u00a0\u00a0\u00a0\u00a0\u00a0\u00a0\u00a0\u00a0\u00a0\u00a0\u00a0\u00a0\u00a0\u00a0\u00a0\u00a0\u00a0\u00a0\u00a0\u00a0\u00a0\u00a0\u00a0\u00a0\u00a0\u00a0\u00a0 Leitung: Susanne K\u00f6szeghy<\/p>\n<p><strong>Musikwerkstatt K\u00f6rper-Musik f\u00fcr Kinder und Jugendliche (ab 7 J.)\u00a0\u00a0\u00a0\u00a0\u00a0\u00a0\u00a0\u00a0\u00a0\u00a0\u00a0\u00a0\u00a0\u00a0 <\/strong>Was hat mein Knie mit Musik zu tun?\u00a0\u00a0\u00a0\u00a0\u00a0\u00a0\u00a0\u00a0\u00a0\u00a0\u00a0\u00a0\u00a0\u00a0\u00a0\u00a0\u00a0\u00a0\u00a0\u00a0\u00a0\u00a0\u00a0\u00a0\u00a0\u00a0\u00a0\u00a0\u00a0\u00a0\u00a0\u00a0\u00a0\u00a0\u00a0\u00a0\u00a0\u00a0\u00a0\u00a0\u00a0\u00a0\u00a0\u00a0\u00a0\u00a0\u00a0\u00a0\u00a0\u00a0\u00a0\u00a0\u00a0\u00a0\u00a0\u00a0\u00a0\u00a0\u00a0\u00a0\u00a0\u00a0\u00a0\u00a0\u00a0\u00a0\u00a0\u00a0\u00a0\u00a0\u00a0\u00a0\u00a0\u00a0\u00a0\u00a0\u00a0\u00a0\u00a0\u00a0\u00a0\u00a0\u00a0\u00a0\u00a0\u00a0 Leitung: Peter Ausl\u00e4nder (Vlotho)<\/p>\n<p><strong>Interpretations- und Improvisationskurs Neue Musik f\u00fcr Jugendliche (ab 10)\u00a0 und Studierende\u00a0\u00a0\u00a0\u00a0\u00a0\u00a0\u00a0\u00a0\u00a0\u00a0\u00a0\u00a0\u00a0\u00a0\u00a0\u00a0\u00a0\u00a0\u00a0\u00a0\u00a0\u00a0\u00a0\u00a0\u00a0\u00a0\u00a0\u00a0\u00a0\u00a0\u00a0\u00a0\u00a0\u00a0\u00a0\u00a0\u00a0\u00a0\u00a0\u00a0\u00a0\u00a0\u00a0\u00a0\u00a0\u00a0\u00a0\u00a0\u00a0\u00a0\u00a0\u00a0\u00a0\u00a0\u00a0\u00a0\u00a0\u00a0\u00a0\u00a0\u00a0\u00a0\u00a0\u00a0\u00a0\u00a0\u00a0\u00a0\u00a0\u00a0\u00a0\u00a0\u00a0\u00a0\u00a0\u00a0\u00a0\u00a0\u00a0\u00a0\u00a0\u00a0\u00a0\u00a0\u00a0\u00a0\u00a0\u00a0\u00a0\u00a0\u00a0\u00a0\u00a0\u00a0\u00a0\u00a0\u00a0\u00a0\u00a0\u00a0\u00a0\u00a0\u00a0\u00a0\u00a0\u00a0\u00a0\u00a0\u00a0\u00a0\u00a0\u00a0\u00a0\u00a0\u00a0\u00a0\u00a0\u00a0\u00a0\u00a0 <\/strong>Und jetzt Alle!<strong><br \/>\n<\/strong>Leitung: Stephan Froleyks (M\u00fcnster)\u00a0\u00a0\u00a0\u00a0\u00a0\u00a0\u00a0\u00a0\u00a0\u00a0\u00a0\u00a0\u00a0\u00a0\u00a0\u00a0\u00a0\u00a0\u00a0\u00a0\u00a0\u00a0\u00a0\u00a0\u00a0\u00a0\u00a0\u00a0\u00a0\u00a0\u00a0\u00a0\u00a0\u00a0\u00a0\u00a0\u00a0\u00a0\u00a0\u00a0\u00a0\u00a0\u00a0\u00a0\u00a0\u00a0\u00a0\u00a0\u00a0\u00a0\u00a0\u00a0\u00a0\u00a0\u00a0\u00a0\u00a0\u00a0\u00a0\u00a0\u00a0\u00a0\u00a0\u00a0\u00a0\u00a0\u00a0\u00a0\u00a0\u00a0\u00a0\u00a0\u00a0\u00a0\u00a0\u00a0\u00a0\u00a0\u00a0\u00a0\u00a0\u00a0\u00a0\u00a0\u00a0\u00a0\u00a0\u00a0\u00a0\u00a0\u00a0\u00a0 Zeit: Mi 30.3. \u2013 Sa. 2.4.2016\u00a0\u00a0\u00a0\u00a0\u00a0\u00a0\u00a0\u00a0\u00a0\u00a0\u00a0\u00a0\u00a0\u00a0\u00a0\u00a0\u00a0\u00a0\u00a0\u00a0\u00a0\u00a0\u00a0\u00a0\u00a0\u00a0\u00a0\u00a0\u00a0\u00a0\u00a0\u00a0\u00a0\u00a0\u00a0\u00a0\u00a0\u00a0\u00a0\u00a0\u00a0\u00a0\u00a0\u00a0\u00a0\u00a0\u00a0\u00a0\u00a0\u00a0\u00a0\u00a0\u00a0\u00a0\u00a0\u00a0\u00a0\u00a0\u00a0\u00a0\u00a0\u00a0\u00a0\u00a0\u00a0\u00a0\u00a0\u00a0\u00a0\u00a0\u00a0\u00a0\u00a0\u00a0\u00a0\u00a0\u00a0\u00a0\u00a0\u00a0\u00a0\u00a0\u00a0\u00a0\u00a0\u00a0\u00a0\u00a0\u00a0\u00a0\u00a0\u00a0\u00a0\u00a0\u00a0\u00a0\u00a0\u00a0\u00a0\u00a0\u00a0 Uhrzeiten: Mi-Fr 10-17 Uhr, Samstag 10-14 Uhr\u00a0\u00a0\u00a0\u00a0\u00a0\u00a0\u00a0\u00a0\u00a0\u00a0\u00a0\u00a0\u00a0\u00a0\u00a0\u00a0\u00a0\u00a0\u00a0\u00a0\u00a0\u00a0\u00a0\u00a0\u00a0\u00a0\u00a0\u00a0\u00a0\u00a0\u00a0\u00a0\u00a0\u00a0\u00a0\u00a0\u00a0\u00a0\u00a0\u00a0\u00a0\u00a0\u00a0\u00a0\u00a0\u00a0\u00a0\u00a0\u00a0\u00a0\u00a0\u00a0\u00a0\u00a0\u00a0\u00a0\u00a0\u00a0\u00a0 Veranstaltungsort: Akademie f\u00fcr Tonkunst, Darmstadt<\/p>\n<p><strong>Anmeldeschluss: 15.3.2016<\/strong><\/p>\n<p>Weitere Informationen auf <a href=\"http:\/\/www.neue-musik.org\">www.neue-musik.org<\/a> und beim B\u00fcro des INMM( inmm@neue-musik).<\/p>\n<p>Den Pressetext sowie weitere Informationen finden sie auch unter folgendem Link: <a href=\"http:\/\/www.neue-musik.org\/presse_service.html\">http:\/\/www.neue-musik.org\/presse_service.html<\/a><strong>, <\/strong>(siehe auch <a href=\"http:\/\/www.neue-musik.org\">www.neue-musik.org<\/a> \u201ePresse-Service\u201c)<\/p>\n","protected":false},"excerpt":{"rendered":"<p>Body sounds. Fr\u00fchjahrstagung des INMM in Darmstadt Das Institut f\u00fcr Neue Musik und Musikerziehung veranstaltet von \u00a0Mittwoch, 30. M\u00e4rz bis Samstag, 2. April 2016 seine 70. Fr\u00fchjahrstagung mit dem Titel Body sounds. Aspekte des K\u00f6rperlichen in Neuer Musik. Veranstaltungsort ist die Akademie f\u00fcr Tonkunst in Darmstadt.(Ludwigsh\u00f6hstra\u00dfe 120, 64285 Darmstadt). Die Tagung widmet sich einem ebenso &#8230; <a title=\"2016 April 02 &#8211; Werke von Komponistinnen im Rahmen der Fr\u00fchjahrstagung INMM in Darmstadt\" class=\"read-more\" href=\"https:\/\/www.archiv-frau-musik.de\/en\/archives\/2016-april-02-werke-von-komponistinnen-im-rahmen-der-fruehjahrstagung-inmm-in-darmstadt\" aria-label=\"Read more about 2016 April 02 &#8211; Werke von Komponistinnen im Rahmen der Fr\u00fchjahrstagung INMM in Darmstadt\">Weiterlesen &#8230;<\/a><\/p>\n","protected":false},"author":5,"featured_media":0,"comment_status":"closed","ping_status":"closed","sticky":false,"template":"","format":"standard","meta":{"generate_page_header":"","footnotes":"","_wpscppro_dont_share_socialmedia":false,"_wpscppro_custom_social_share_image":0,"_facebook_share_type":"","_twitter_share_type":"","_linkedin_share_type":"","_pinterest_share_type":"","_linkedin_share_type_page":"","_instagram_share_type":"","_medium_share_type":"","_threads_share_type":"","_google_business_share_type":"","_selected_social_profile":[],"_wpsp_enable_custom_social_template":false,"_wpsp_social_scheduling":{"enabled":false,"datetime":null,"platforms":[],"status":"template_only","dateOption":"today","timeOption":"now","customDays":"","customHours":"","customDate":"","customTime":"","schedulingType":"absolute"},"_wpsp_active_default_template":true},"categories":[131],"tags":[],"class_list":["post-3528","post","type-post","status-publish","format-standard","hentry","category-veranstaltung","masonry-post","generate-columns","tablet-grid-50","mobile-grid-100","grid-parent","grid-33"],"yoast_head":"<!-- This site is optimized with the Yoast SEO plugin v27.4 - https:\/\/yoast.com\/product\/yoast-seo-wordpress\/ -->\n<title>2016 April 02 - Werke von Komponistinnen im Rahmen der Fr\u00fchjahrstagung INMM in Darmstadt &#8211; Archiv Frau und Musik<\/title>\n<meta name=\"robots\" content=\"index, follow, max-snippet:-1, max-image-preview:large, max-video-preview:-1\" \/>\n<link rel=\"canonical\" href=\"https:\/\/www.archiv-frau-musik.de\/en\/archives\/2016-april-02-werke-von-komponistinnen-im-rahmen-der-fruehjahrstagung-inmm-in-darmstadt\" \/>\n<meta property=\"og:locale\" content=\"en_US\" \/>\n<meta property=\"og:type\" content=\"article\" \/>\n<meta property=\"og:title\" content=\"2016 April 02 - Werke von Komponistinnen im Rahmen der Fr\u00fchjahrstagung INMM in Darmstadt &#8211; Archiv Frau und Musik\" \/>\n<meta property=\"og:description\" content=\"Body sounds. Fr\u00fchjahrstagung des INMM in Darmstadt Das Institut f\u00fcr Neue Musik und Musikerziehung veranstaltet von \u00a0Mittwoch, 30. M\u00e4rz bis Samstag, 2. April 2016 seine 70. Fr\u00fchjahrstagung mit dem Titel Body sounds. Aspekte des K\u00f6rperlichen in Neuer Musik. Veranstaltungsort ist die Akademie f\u00fcr Tonkunst in Darmstadt.(Ludwigsh\u00f6hstra\u00dfe 120, 64285 Darmstadt). Die Tagung widmet sich einem ebenso ... Weiterlesen ...\" \/>\n<meta property=\"og:url\" content=\"https:\/\/www.archiv-frau-musik.de\/en\/archives\/2016-april-02-werke-von-komponistinnen-im-rahmen-der-fruehjahrstagung-inmm-in-darmstadt\" \/>\n<meta property=\"og:site_name\" content=\"Archiv Frau und Musik\" \/>\n<meta property=\"article:published_time\" content=\"2016-03-02T08:29:06+00:00\" \/>\n<meta property=\"article:modified_time\" content=\"2018-03-01T23:35:33+00:00\" \/>\n<meta name=\"author\" content=\"Susanne Wosnitzka\" \/>\n<meta name=\"twitter:card\" content=\"summary_large_image\" \/>\n<meta name=\"twitter:label1\" content=\"Written by\" \/>\n\t<meta name=\"twitter:data1\" content=\"Susanne Wosnitzka\" \/>\n\t<meta name=\"twitter:label2\" content=\"Est. reading time\" \/>\n\t<meta name=\"twitter:data2\" content=\"4 minutes\" \/>\n<script type=\"application\/ld+json\" class=\"yoast-schema-graph\">{\"@context\":\"https:\\\/\\\/schema.org\",\"@graph\":[{\"@type\":\"Article\",\"@id\":\"https:\\\/\\\/www.archiv-frau-musik.de\\\/archives\\\/2016-april-02-werke-von-komponistinnen-im-rahmen-der-fruehjahrstagung-inmm-in-darmstadt#article\",\"isPartOf\":{\"@id\":\"https:\\\/\\\/www.archiv-frau-musik.de\\\/archives\\\/2016-april-02-werke-von-komponistinnen-im-rahmen-der-fruehjahrstagung-inmm-in-darmstadt\"},\"author\":{\"name\":\"Susanne Wosnitzka\",\"@id\":\"https:\\\/\\\/www.archiv-frau-musik.de\\\/en\\\/#\\\/schema\\\/person\\\/098b86c964d3428203bd1fa833f8499f\"},\"headline\":\"2016 April 02 &#8211; Werke von Komponistinnen im Rahmen der Fr\u00fchjahrstagung INMM in Darmstadt\",\"datePublished\":\"2016-03-02T08:29:06+00:00\",\"dateModified\":\"2018-03-01T23:35:33+00:00\",\"mainEntityOfPage\":{\"@id\":\"https:\\\/\\\/www.archiv-frau-musik.de\\\/archives\\\/2016-april-02-werke-von-komponistinnen-im-rahmen-der-fruehjahrstagung-inmm-in-darmstadt\"},\"wordCount\":734,\"articleSection\":[\"\"],\"inLanguage\":\"en-US\"},{\"@type\":\"WebPage\",\"@id\":\"https:\\\/\\\/www.archiv-frau-musik.de\\\/en\\\/archives\\\/2016-april-02-werke-von-komponistinnen-im-rahmen-der-fruehjahrstagung-inmm-in-darmstadt\",\"url\":\"https:\\\/\\\/www.archiv-frau-musik.de\\\/en\\\/archives\\\/2016-april-02-werke-von-komponistinnen-im-rahmen-der-fruehjahrstagung-inmm-in-darmstadt\",\"name\":\"2016 April 02 - Werke von Komponistinnen im Rahmen der Fr\u00fchjahrstagung INMM in Darmstadt &#8211; Archiv Frau und Musik\",\"isPartOf\":{\"@id\":\"https:\\\/\\\/www.archiv-frau-musik.de\\\/en\\\/#website\"},\"datePublished\":\"2016-03-02T08:29:06+00:00\",\"dateModified\":\"2018-03-01T23:35:33+00:00\",\"author\":{\"@id\":\"https:\\\/\\\/www.archiv-frau-musik.de\\\/en\\\/#\\\/schema\\\/person\\\/098b86c964d3428203bd1fa833f8499f\"},\"breadcrumb\":{\"@id\":\"https:\\\/\\\/www.archiv-frau-musik.de\\\/en\\\/archives\\\/2016-april-02-werke-von-komponistinnen-im-rahmen-der-fruehjahrstagung-inmm-in-darmstadt#breadcrumb\"},\"inLanguage\":\"en-US\",\"potentialAction\":[{\"@type\":\"ReadAction\",\"target\":[[\"https:\\\/\\\/www.archiv-frau-musik.de\\\/en\\\/archives\\\/2016-april-02-werke-von-komponistinnen-im-rahmen-der-fruehjahrstagung-inmm-in-darmstadt\"]]}]},{\"@type\":\"BreadcrumbList\",\"@id\":\"https:\\\/\\\/www.archiv-frau-musik.de\\\/en\\\/archives\\\/2016-april-02-werke-von-komponistinnen-im-rahmen-der-fruehjahrstagung-inmm-in-darmstadt#breadcrumb\",\"itemListElement\":[{\"@type\":\"ListItem\",\"position\":1,\"name\":\"Startseite\",\"item\":\"https:\\\/\\\/www.archiv-frau-musik.de\\\/en\\\/\"},{\"@type\":\"ListItem\",\"position\":2,\"name\":\"2016 April 02 &#8211; Werke von Komponistinnen im Rahmen der Fr\u00fchjahrstagung INMM in Darmstadt\"}]},{\"@type\":\"WebSite\",\"@id\":\"https:\\\/\\\/www.archiv-frau-musik.de\\\/en\\\/#website\",\"url\":\"https:\\\/\\\/www.archiv-frau-musik.de\\\/en\\\/\",\"name\":\"Archiv Frau und Musik\",\"description\":\"\",\"potentialAction\":[{\"@type\":\"SearchAction\",\"target\":{\"@type\":\"EntryPoint\",\"urlTemplate\":\"https:\\\/\\\/www.archiv-frau-musik.de\\\/en\\\/?s={search_term_string}\"},\"query-input\":{\"@type\":\"PropertyValueSpecification\",\"valueRequired\":true,\"valueName\":\"search_term_string\"}}],\"inLanguage\":\"en-US\"},{\"@type\":\"Person\",\"@id\":\"https:\\\/\\\/www.archiv-frau-musik.de\\\/en\\\/#\\\/schema\\\/person\\\/098b86c964d3428203bd1fa833f8499f\",\"name\":\"Susanne Wosnitzka\",\"image\":{\"@type\":\"ImageObject\",\"inLanguage\":\"en-US\",\"@id\":\"https:\\\/\\\/secure.gravatar.com\\\/avatar\\\/4b8dc71d4a6bc86326708727ed7153c065df0707bac62859beeebe4c03021c70?s=96&d=identicon&r=g\",\"url\":\"https:\\\/\\\/secure.gravatar.com\\\/avatar\\\/4b8dc71d4a6bc86326708727ed7153c065df0707bac62859beeebe4c03021c70?s=96&d=identicon&r=g\",\"contentUrl\":\"https:\\\/\\\/secure.gravatar.com\\\/avatar\\\/4b8dc71d4a6bc86326708727ed7153c065df0707bac62859beeebe4c03021c70?s=96&d=identicon&r=g\",\"caption\":\"Susanne Wosnitzka\"},\"sameAs\":[\"https:\\\/\\\/www.susanne-wosnitzka.de\"],\"url\":\"https:\\\/\\\/www.archiv-frau-musik.de\\\/en\\\/archives\\\/author\\\/wosnitzka\"}]}<\/script>\n<!-- \/ Yoast SEO plugin. -->","yoast_head_json":{"title":"2016 April 02 - Werke von Komponistinnen im Rahmen der Fr\u00fchjahrstagung INMM in Darmstadt &#8211; Archiv Frau und Musik","robots":{"index":"index","follow":"follow","max-snippet":"max-snippet:-1","max-image-preview":"max-image-preview:large","max-video-preview":"max-video-preview:-1"},"canonical":"https:\/\/www.archiv-frau-musik.de\/en\/archives\/2016-april-02-werke-von-komponistinnen-im-rahmen-der-fruehjahrstagung-inmm-in-darmstadt","og_locale":"en_US","og_type":"article","og_title":"2016 April 02 - Werke von Komponistinnen im Rahmen der Fr\u00fchjahrstagung INMM in Darmstadt &#8211; Archiv Frau und Musik","og_description":"Body sounds. Fr\u00fchjahrstagung des INMM in Darmstadt Das Institut f\u00fcr Neue Musik und Musikerziehung veranstaltet von \u00a0Mittwoch, 30. M\u00e4rz bis Samstag, 2. April 2016 seine 70. Fr\u00fchjahrstagung mit dem Titel Body sounds. Aspekte des K\u00f6rperlichen in Neuer Musik. Veranstaltungsort ist die Akademie f\u00fcr Tonkunst in Darmstadt.(Ludwigsh\u00f6hstra\u00dfe 120, 64285 Darmstadt). Die Tagung widmet sich einem ebenso ... Weiterlesen ...","og_url":"https:\/\/www.archiv-frau-musik.de\/en\/archives\/2016-april-02-werke-von-komponistinnen-im-rahmen-der-fruehjahrstagung-inmm-in-darmstadt","og_site_name":"Archiv Frau und Musik","article_published_time":"2016-03-02T08:29:06+00:00","article_modified_time":"2018-03-01T23:35:33+00:00","author":"Susanne Wosnitzka","twitter_card":"summary_large_image","twitter_misc":{"Written by":"Susanne Wosnitzka","Est. reading time":"4 minutes"},"schema":{"@context":"https:\/\/schema.org","@graph":[{"@type":"Article","@id":"https:\/\/www.archiv-frau-musik.de\/archives\/2016-april-02-werke-von-komponistinnen-im-rahmen-der-fruehjahrstagung-inmm-in-darmstadt#article","isPartOf":{"@id":"https:\/\/www.archiv-frau-musik.de\/archives\/2016-april-02-werke-von-komponistinnen-im-rahmen-der-fruehjahrstagung-inmm-in-darmstadt"},"author":{"name":"Susanne Wosnitzka","@id":"https:\/\/www.archiv-frau-musik.de\/en\/#\/schema\/person\/098b86c964d3428203bd1fa833f8499f"},"headline":"2016 April 02 &#8211; Werke von Komponistinnen im Rahmen der Fr\u00fchjahrstagung INMM in Darmstadt","datePublished":"2016-03-02T08:29:06+00:00","dateModified":"2018-03-01T23:35:33+00:00","mainEntityOfPage":{"@id":"https:\/\/www.archiv-frau-musik.de\/archives\/2016-april-02-werke-von-komponistinnen-im-rahmen-der-fruehjahrstagung-inmm-in-darmstadt"},"wordCount":734,"articleSection":[""],"inLanguage":"en-US"},{"@type":"WebPage","@id":"https:\/\/www.archiv-frau-musik.de\/en\/archives\/2016-april-02-werke-von-komponistinnen-im-rahmen-der-fruehjahrstagung-inmm-in-darmstadt","url":"https:\/\/www.archiv-frau-musik.de\/en\/archives\/2016-april-02-werke-von-komponistinnen-im-rahmen-der-fruehjahrstagung-inmm-in-darmstadt","name":"2016 April 02 - Werke von Komponistinnen im Rahmen der Fr\u00fchjahrstagung INMM in Darmstadt &#8211; Archiv Frau und Musik","isPartOf":{"@id":"https:\/\/www.archiv-frau-musik.de\/en\/#website"},"datePublished":"2016-03-02T08:29:06+00:00","dateModified":"2018-03-01T23:35:33+00:00","author":{"@id":"https:\/\/www.archiv-frau-musik.de\/en\/#\/schema\/person\/098b86c964d3428203bd1fa833f8499f"},"breadcrumb":{"@id":"https:\/\/www.archiv-frau-musik.de\/en\/archives\/2016-april-02-werke-von-komponistinnen-im-rahmen-der-fruehjahrstagung-inmm-in-darmstadt#breadcrumb"},"inLanguage":"en-US","potentialAction":[{"@type":"ReadAction","target":[["https:\/\/www.archiv-frau-musik.de\/en\/archives\/2016-april-02-werke-von-komponistinnen-im-rahmen-der-fruehjahrstagung-inmm-in-darmstadt"]]}]},{"@type":"BreadcrumbList","@id":"https:\/\/www.archiv-frau-musik.de\/en\/archives\/2016-april-02-werke-von-komponistinnen-im-rahmen-der-fruehjahrstagung-inmm-in-darmstadt#breadcrumb","itemListElement":[{"@type":"ListItem","position":1,"name":"Startseite","item":"https:\/\/www.archiv-frau-musik.de\/en\/"},{"@type":"ListItem","position":2,"name":"2016 April 02 &#8211; Werke von Komponistinnen im Rahmen der Fr\u00fchjahrstagung INMM in Darmstadt"}]},{"@type":"WebSite","@id":"https:\/\/www.archiv-frau-musik.de\/en\/#website","url":"https:\/\/www.archiv-frau-musik.de\/en\/","name":"Archiv Frau und Musik","description":"","potentialAction":[{"@type":"SearchAction","target":{"@type":"EntryPoint","urlTemplate":"https:\/\/www.archiv-frau-musik.de\/en\/?s={search_term_string}"},"query-input":{"@type":"PropertyValueSpecification","valueRequired":true,"valueName":"search_term_string"}}],"inLanguage":"en-US"},{"@type":"Person","@id":"https:\/\/www.archiv-frau-musik.de\/en\/#\/schema\/person\/098b86c964d3428203bd1fa833f8499f","name":"Susanne Wosnitzka","image":{"@type":"ImageObject","inLanguage":"en-US","@id":"https:\/\/secure.gravatar.com\/avatar\/4b8dc71d4a6bc86326708727ed7153c065df0707bac62859beeebe4c03021c70?s=96&d=identicon&r=g","url":"https:\/\/secure.gravatar.com\/avatar\/4b8dc71d4a6bc86326708727ed7153c065df0707bac62859beeebe4c03021c70?s=96&d=identicon&r=g","contentUrl":"https:\/\/secure.gravatar.com\/avatar\/4b8dc71d4a6bc86326708727ed7153c065df0707bac62859beeebe4c03021c70?s=96&d=identicon&r=g","caption":"Susanne Wosnitzka"},"sameAs":["https:\/\/www.susanne-wosnitzka.de"],"url":"https:\/\/www.archiv-frau-musik.de\/en\/archives\/author\/wosnitzka"}]}},"_links":{"self":[{"href":"https:\/\/www.archiv-frau-musik.de\/en\/wp-json\/wp\/v2\/posts\/3528","targetHints":{"allow":["GET"]}}],"collection":[{"href":"https:\/\/www.archiv-frau-musik.de\/en\/wp-json\/wp\/v2\/posts"}],"about":[{"href":"https:\/\/www.archiv-frau-musik.de\/en\/wp-json\/wp\/v2\/types\/post"}],"author":[{"embeddable":true,"href":"https:\/\/www.archiv-frau-musik.de\/en\/wp-json\/wp\/v2\/users\/5"}],"replies":[{"embeddable":true,"href":"https:\/\/www.archiv-frau-musik.de\/en\/wp-json\/wp\/v2\/comments?post=3528"}],"version-history":[{"count":1,"href":"https:\/\/www.archiv-frau-musik.de\/en\/wp-json\/wp\/v2\/posts\/3528\/revisions"}],"predecessor-version":[{"id":5546,"href":"https:\/\/www.archiv-frau-musik.de\/en\/wp-json\/wp\/v2\/posts\/3528\/revisions\/5546"}],"wp:attachment":[{"href":"https:\/\/www.archiv-frau-musik.de\/en\/wp-json\/wp\/v2\/media?parent=3528"}],"wp:term":[{"taxonomy":"category","embeddable":true,"href":"https:\/\/www.archiv-frau-musik.de\/en\/wp-json\/wp\/v2\/categories?post=3528"},{"taxonomy":"post_tag","embeddable":true,"href":"https:\/\/www.archiv-frau-musik.de\/en\/wp-json\/wp\/v2\/tags?post=3528"}],"curies":[{"name":"wp","href":"https:\/\/api.w.org\/{rel}","templated":true}]}}