{"id":3326,"date":"2015-12-14T08:39:39","date_gmt":"2015-12-14T07:39:39","guid":{"rendered":"http:\/\/www.archiv-frau-musik.de\/?p=3326"},"modified":"2018-03-02T00:39:42","modified_gmt":"2018-03-01T23:39:42","slug":"2015-12-preistraeger-des-vierten-kompositionswettbewerbs-ad-libitum-stehen-fest","status":"publish","type":"post","link":"https:\/\/www.archiv-frau-musik.de\/en\/archives\/2015-12-preistraeger-des-vierten-kompositionswettbewerbs-ad-libitum-stehen-fest","title":{"rendered":"2015-12 Preistr\u00e4ger des vierten Kompositionswettbewerbs \u201ead libitum\u201c stehen fest"},"content":{"rendered":"<h4 data-canvas-width=\"407.8719999999997\">Die Komponistin Bnaya Halperin-Kaddari (Berlin) erh\u00e4lt einen von zwei zweiten Pl\u00e4tzen auf dem vierten Kompositionswettbewerbs &#8220;ad libitum&#8221;.<\/h4>\n<h4 data-canvas-width=\"407.8719999999997\"><strong>Netzwerk Neue Musik Baden-W\u00fcrttemberg e.V.<\/strong><\/h4>\n<h4 data-canvas-width=\"117.99199999999998\"><strong>Pressemeldung<\/strong><\/h4>\n<h4 data-canvas-width=\"451.01466666666676\"><strong>Preistr\u00e4ger des vierten Kompositionswettbewerbs \u201ead libitum\u201c stehen fest<\/strong><\/h4>\n<div style=\"text-align: justify;\" data-canvas-width=\"678.4959999999996\">Bereits zum vierten Mal wurde vom Netzwerk Neue Musik Baden-W\u00fcrttemberg in Kooperation mit der Winfried B\u00f6hler<\/div>\n<div style=\"text-align: justify;\" data-canvas-width=\"666.6240000000003\">Kultur Stiftung der Kompositionswettbewerb ad libitum ausgelobt. Mit ihm wird dazu beigetragen, ein attraktives, k\u00fcnstlerisch hochwertiges und spielbares Repertoire zeitgen\u00f6ssischer Musik f\u00fcr Kinder, Jugendliche oder erwachsene<\/div>\n<div style=\"text-align: justify;\" data-canvas-width=\"676.7740000000001\">Amateure in allen Genres verf\u00fcgbar zu machen. Eine Erweiterung der Initiative besteht darin, dass die Ausschreibung in<\/div>\n<div style=\"text-align: justify;\" data-canvas-width=\"669.8159999999998\">enger Kooperation mit einer Partnerorganisation aus dem Bereich der Musikvermittlung erfolgt. In diesem Jahr ist das<\/div>\n<div style=\"text-align: justify;\" data-canvas-width=\"666.5819999999997\">die Jugendmusikschule der Stadt Singen (Hohentwiel), die mit ihren Ensembles auch das Preistr\u00e4gerkonzert am 8. Juli<\/div>\n<div style=\"text-align: justify;\" data-canvas-width=\"636.7060000000002\">2016 in der Stadthalle Singen und ein weiteres Konzert am 24. Juli 2016 im Theaterhaus Stuttgart gestalten wird.<\/div>\n<div style=\"text-align: justify;\" data-canvas-width=\"668.8079999999998\">Eine f\u00fcnfk\u00f6pfige Jury, der Martin Sch\u00fcttler (Komponist und Professor f\u00fcr Komposition), Annesley Black (Komponistin),<\/div>\n<div style=\"text-align: justify;\" data-canvas-width=\"669.2139999999999\">Nikolaus Brass (Komponist), Ulrike Stortz (Geigerin und Musikp\u00e4dagogin) sowie Frank Kleinheins (Musikp\u00e4dagoge und<\/div>\n<div style=\"text-align: justify;\" data-canvas-width=\"672.5599999999997\">Ensembleleiter) angeh\u00f6rten, w\u00e4hlte aus 30 Einsendungen in einem anonymisierten Verfahren drei Preistr\u00e4ger aus: der<\/div>\n<div style=\"text-align: justify;\" data-canvas-width=\"371.2939999999999\">Komponist Jan Kopp (Stuttgart) und <em><strong>die Komponistin Bnaya Halperin-Kaddari (Berlin) erhalten je einen 2. Preis, der mit 3.000.-\u20ac dotiert ist<\/strong><\/em>, der Komponist Fredrik Zeller (T\u00fcbingen) erh\u00e4lt einen dritten Preis mit 2.000.-\u20ac Preisgeld. Ein erster Preis wurde nicht vergeben. Au\u00dferdem sprach die Jury Empfehlungen f\u00fcr f\u00fcnf weitere eingereichte Werke folgender Komponistinnen und Komponisten aus: Christoph Ogiermann (Bremen), Jeong Miseon (Rostock), Jona K\u00fcmper (Bochum), Rafael Nassif (Graz) und Faidra Chafta Doulca (Berlin).<\/div>\n<div style=\"text-align: justify;\" data-canvas-width=\"677.4319999999998\">Im Herbst des kommenden Jahres wird in Kooperation mit der Bundesakademie f\u00fcr musikalische Jugendbildung Trossingen eine Notendatenbank online geschaltet, die u.a. alle preisgekr\u00f6nten und empfohlenen Werke der ad libitum<\/div>\n<div style=\"text-align: justify;\" data-canvas-width=\"558.7959999999998\">Kompositionswettbewerbe enth\u00e4lt. So soll vielen Interessenten an zeitgen\u00f6ssischer Musik f\u00fcr Sch\u00fcler- und Laienensembles ein schneller und umfassender \u00dcberblick \u00fcber geeignete Werke gegeben werden.<\/div>\n<div style=\"text-align: justify;\" data-canvas-width=\"558.7959999999998\"><\/div>\n<div data-canvas-width=\"174.8040000000001\">Die Werke der drei Preistr\u00e4ger:<\/div>\n<div data-canvas-width=\"315.22399999999993\">2. Preis: Jan Kopp &#8211; Springen (5 Stimmen mit Tont\u00f6pfen)<\/div>\n<div data-canvas-width=\"295.288\">2. Preis: Bnaya Halperin-Kaddari \u2013 Gouache (Klavier)<\/div>\n<div data-canvas-width=\"380.00199999999995\">3. Preis: Fredrik Zeller \u2013 Pling (Percussion, Violine, Klavier 4-h\u00e4ndig)<\/div>\n<div data-canvas-width=\"380.00199999999995\"><\/div>\n<div data-canvas-width=\"107.84200000000001\">Die Empfehlungen:<\/div>\n<div data-canvas-width=\"481.96400000000006\">Christoph Ogiermann \u2013 Decisionismus (12 Bl\u00e4serInnen, 4 PercussionistInnen, Zuspiel)<\/div>\n<div data-canvas-width=\"230.38400000000013\">Jeong Miseon \u2013 Seesaw f\u00fcr zwei Klaviere<\/div>\n<div data-canvas-width=\"310.184\">Faidra Chafta Douka \u2013 birds 3 vol. (Harfe, Klavier, Cello)<\/div>\n<div data-canvas-width=\"406.3919999999998\">Rafael Nassif \u2013 esboco de monument (17 Bl\u00e4ser und optional Prcussion)<\/div>\n<div data-canvas-width=\"262.98999999999995\">Jona K\u00fcmper \u2013 action (2 Klaviere zu 8 H\u00e4nden)<\/div>\n<div data-canvas-width=\"262.98999999999995\"><\/div>\n<div data-canvas-width=\"593.7959999999997\">Das Netzwerk Neue Musik Baden-W\u00fcrttemberg e.V. wird gef\u00f6rdert von der Baden-W\u00fcrttemberg Stiftung.<\/div>\n<div data-canvas-width=\"539.168\">Der ad libitum-Kompositionspreis erfolgt in Kooperation mit der Winfried B\u00f6hler Kulturstiftung.<\/div>\n<div><\/div>\n","protected":false},"excerpt":{"rendered":"<p>Die Komponistin Bnaya Halperin-Kaddari (Berlin) erh\u00e4lt einen von zwei zweiten Pl\u00e4tzen auf dem vierten Kompositionswettbewerbs &#8220;ad libitum&#8221;. Netzwerk Neue Musik Baden-W\u00fcrttemberg e.V. Pressemeldung Preistr\u00e4ger des vierten Kompositionswettbewerbs \u201ead libitum\u201c stehen fest Bereits zum vierten Mal wurde vom Netzwerk Neue Musik Baden-W\u00fcrttemberg in Kooperation mit der Winfried B\u00f6hler Kultur Stiftung der Kompositionswettbewerb ad libitum ausgelobt. Mit &#8230; <a title=\"2015-12 Preistr\u00e4ger des vierten Kompositionswettbewerbs \u201ead libitum\u201c stehen fest\" class=\"read-more\" href=\"https:\/\/www.archiv-frau-musik.de\/en\/archives\/2015-12-preistraeger-des-vierten-kompositionswettbewerbs-ad-libitum-stehen-fest\" aria-label=\"Read more about 2015-12 Preistr\u00e4ger des vierten Kompositionswettbewerbs \u201ead libitum\u201c stehen fest\">Weiterlesen &#8230;<\/a><\/p>\n","protected":false},"author":5,"featured_media":0,"comment_status":"closed","ping_status":"closed","sticky":false,"template":"","format":"standard","meta":{"generate_page_header":"","footnotes":"","_wpscppro_dont_share_socialmedia":false,"_wpscppro_custom_social_share_image":0,"_facebook_share_type":"","_twitter_share_type":"","_linkedin_share_type":"","_pinterest_share_type":"","_linkedin_share_type_page":"","_instagram_share_type":"","_medium_share_type":"","_threads_share_type":"","_google_business_share_type":"","_selected_social_profile":[],"_wpsp_enable_custom_social_template":false,"_wpsp_social_scheduling":{"enabled":false,"datetime":null,"platforms":[],"status":"template_only","dateOption":"today","timeOption":"now","customDays":"","customHours":"","customDate":"","customTime":"","schedulingType":"absolute"},"_wpsp_active_default_template":true},"categories":[129],"tags":[],"class_list":["post-3326","post","type-post","status-publish","format-standard","hentry","category-news","masonry-post","generate-columns","tablet-grid-50","mobile-grid-100","grid-parent","grid-33"],"yoast_head":"<!-- This site is optimized with the Yoast SEO plugin v27.5 - https:\/\/yoast.com\/product\/yoast-seo-wordpress\/ -->\n<title>2015-12 Preistr\u00e4ger des vierten Kompositionswettbewerbs \u201ead libitum\u201c stehen fest &#8211; Archiv Frau und Musik<\/title>\n<meta name=\"robots\" content=\"index, follow, max-snippet:-1, max-image-preview:large, max-video-preview:-1\" \/>\n<link rel=\"canonical\" href=\"https:\/\/www.archiv-frau-musik.de\/en\/archives\/2015-12-preistraeger-des-vierten-kompositionswettbewerbs-ad-libitum-stehen-fest\" \/>\n<meta property=\"og:locale\" content=\"en_US\" \/>\n<meta property=\"og:type\" content=\"article\" \/>\n<meta property=\"og:title\" content=\"2015-12 Preistr\u00e4ger des vierten Kompositionswettbewerbs \u201ead libitum\u201c stehen fest &#8211; Archiv Frau und Musik\" \/>\n<meta property=\"og:description\" content=\"Die Komponistin Bnaya Halperin-Kaddari (Berlin) erh\u00e4lt einen von zwei zweiten Pl\u00e4tzen auf dem vierten Kompositionswettbewerbs &#8220;ad libitum&#8221;. Netzwerk Neue Musik Baden-W\u00fcrttemberg e.V. Pressemeldung Preistr\u00e4ger des vierten Kompositionswettbewerbs \u201ead libitum\u201c stehen fest Bereits zum vierten Mal wurde vom Netzwerk Neue Musik Baden-W\u00fcrttemberg in Kooperation mit der Winfried B\u00f6hler Kultur Stiftung der Kompositionswettbewerb ad libitum ausgelobt. Mit ... Weiterlesen ...\" \/>\n<meta property=\"og:url\" content=\"https:\/\/www.archiv-frau-musik.de\/en\/archives\/2015-12-preistraeger-des-vierten-kompositionswettbewerbs-ad-libitum-stehen-fest\" \/>\n<meta property=\"og:site_name\" content=\"Archiv Frau und Musik\" \/>\n<meta property=\"article:published_time\" content=\"2015-12-14T07:39:39+00:00\" \/>\n<meta property=\"article:modified_time\" content=\"2018-03-01T23:39:42+00:00\" \/>\n<meta name=\"author\" content=\"Susanne Wosnitzka\" \/>\n<meta name=\"twitter:card\" content=\"summary_large_image\" \/>\n<meta name=\"twitter:label1\" content=\"Written by\" \/>\n\t<meta name=\"twitter:data1\" content=\"Susanne Wosnitzka\" \/>\n\t<meta name=\"twitter:label2\" content=\"Est. reading time\" \/>\n\t<meta name=\"twitter:data2\" content=\"2 minutes\" \/>\n<script type=\"application\/ld+json\" class=\"yoast-schema-graph\">{\"@context\":\"https:\\\/\\\/schema.org\",\"@graph\":[{\"@type\":\"Article\",\"@id\":\"https:\\\/\\\/www.archiv-frau-musik.de\\\/en\\\/archives\\\/2015-12-preistraeger-des-vierten-kompositionswettbewerbs-ad-libitum-stehen-fest#article\",\"isPartOf\":{\"@id\":\"https:\\\/\\\/www.archiv-frau-musik.de\\\/en\\\/archives\\\/2015-12-preistraeger-des-vierten-kompositionswettbewerbs-ad-libitum-stehen-fest\"},\"author\":{\"name\":\"Susanne Wosnitzka\",\"@id\":\"https:\\\/\\\/www.archiv-frau-musik.de\\\/en\\\/#\\\/schema\\\/person\\\/098b86c964d3428203bd1fa833f8499f\"},\"headline\":\"2015-12 Preistr\u00e4ger des vierten Kompositionswettbewerbs \u201ead libitum\u201c stehen fest\",\"datePublished\":\"2015-12-14T07:39:39+00:00\",\"dateModified\":\"2018-03-01T23:39:42+00:00\",\"mainEntityOfPage\":{\"@id\":\"https:\\\/\\\/www.archiv-frau-musik.de\\\/en\\\/archives\\\/2015-12-preistraeger-des-vierten-kompositionswettbewerbs-ad-libitum-stehen-fest\"},\"wordCount\":440,\"articleSection\":[\"\"],\"inLanguage\":\"en-US\"},{\"@type\":\"WebPage\",\"@id\":\"https:\\\/\\\/www.archiv-frau-musik.de\\\/en\\\/archives\\\/2015-12-preistraeger-des-vierten-kompositionswettbewerbs-ad-libitum-stehen-fest\",\"url\":\"https:\\\/\\\/www.archiv-frau-musik.de\\\/en\\\/archives\\\/2015-12-preistraeger-des-vierten-kompositionswettbewerbs-ad-libitum-stehen-fest\",\"name\":\"2015-12 Preistr\u00e4ger des vierten Kompositionswettbewerbs \u201ead libitum\u201c stehen fest &#8211; Archiv Frau und Musik\",\"isPartOf\":{\"@id\":\"https:\\\/\\\/www.archiv-frau-musik.de\\\/en\\\/#website\"},\"datePublished\":\"2015-12-14T07:39:39+00:00\",\"dateModified\":\"2018-03-01T23:39:42+00:00\",\"author\":{\"@id\":\"https:\\\/\\\/www.archiv-frau-musik.de\\\/en\\\/#\\\/schema\\\/person\\\/098b86c964d3428203bd1fa833f8499f\"},\"breadcrumb\":{\"@id\":\"https:\\\/\\\/www.archiv-frau-musik.de\\\/en\\\/archives\\\/2015-12-preistraeger-des-vierten-kompositionswettbewerbs-ad-libitum-stehen-fest#breadcrumb\"},\"inLanguage\":\"en-US\",\"potentialAction\":[{\"@type\":\"ReadAction\",\"target\":[[\"https:\\\/\\\/www.archiv-frau-musik.de\\\/en\\\/archives\\\/2015-12-preistraeger-des-vierten-kompositionswettbewerbs-ad-libitum-stehen-fest\"]]}]},{\"@type\":\"BreadcrumbList\",\"@id\":\"https:\\\/\\\/www.archiv-frau-musik.de\\\/en\\\/archives\\\/2015-12-preistraeger-des-vierten-kompositionswettbewerbs-ad-libitum-stehen-fest#breadcrumb\",\"itemListElement\":[{\"@type\":\"ListItem\",\"position\":1,\"name\":\"Startseite\",\"item\":\"https:\\\/\\\/www.archiv-frau-musik.de\\\/en\\\/\"},{\"@type\":\"ListItem\",\"position\":2,\"name\":\"2015-12 Preistr\u00e4ger des vierten Kompositionswettbewerbs \u201ead libitum\u201c stehen fest\"}]},{\"@type\":\"WebSite\",\"@id\":\"https:\\\/\\\/www.archiv-frau-musik.de\\\/en\\\/#website\",\"url\":\"https:\\\/\\\/www.archiv-frau-musik.de\\\/en\\\/\",\"name\":\"Archiv Frau und Musik\",\"description\":\"\",\"potentialAction\":[{\"@type\":\"SearchAction\",\"target\":{\"@type\":\"EntryPoint\",\"urlTemplate\":\"https:\\\/\\\/www.archiv-frau-musik.de\\\/en\\\/?s={search_term_string}\"},\"query-input\":{\"@type\":\"PropertyValueSpecification\",\"valueRequired\":true,\"valueName\":\"search_term_string\"}}],\"inLanguage\":\"en-US\"},{\"@type\":\"Person\",\"@id\":\"https:\\\/\\\/www.archiv-frau-musik.de\\\/en\\\/#\\\/schema\\\/person\\\/098b86c964d3428203bd1fa833f8499f\",\"name\":\"Susanne Wosnitzka\",\"image\":{\"@type\":\"ImageObject\",\"inLanguage\":\"en-US\",\"@id\":\"https:\\\/\\\/secure.gravatar.com\\\/avatar\\\/4b8dc71d4a6bc86326708727ed7153c065df0707bac62859beeebe4c03021c70?s=96&d=identicon&r=g\",\"url\":\"https:\\\/\\\/secure.gravatar.com\\\/avatar\\\/4b8dc71d4a6bc86326708727ed7153c065df0707bac62859beeebe4c03021c70?s=96&d=identicon&r=g\",\"contentUrl\":\"https:\\\/\\\/secure.gravatar.com\\\/avatar\\\/4b8dc71d4a6bc86326708727ed7153c065df0707bac62859beeebe4c03021c70?s=96&d=identicon&r=g\",\"caption\":\"Susanne Wosnitzka\"},\"sameAs\":[\"https:\\\/\\\/www.susanne-wosnitzka.de\"],\"url\":\"https:\\\/\\\/www.archiv-frau-musik.de\\\/en\\\/archives\\\/author\\\/wosnitzka\"}]}<\/script>\n<!-- \/ Yoast SEO plugin. -->","yoast_head_json":{"title":"2015-12 Preistr\u00e4ger des vierten Kompositionswettbewerbs \u201ead libitum\u201c stehen fest &#8211; Archiv Frau und Musik","robots":{"index":"index","follow":"follow","max-snippet":"max-snippet:-1","max-image-preview":"max-image-preview:large","max-video-preview":"max-video-preview:-1"},"canonical":"https:\/\/www.archiv-frau-musik.de\/en\/archives\/2015-12-preistraeger-des-vierten-kompositionswettbewerbs-ad-libitum-stehen-fest","og_locale":"en_US","og_type":"article","og_title":"2015-12 Preistr\u00e4ger des vierten Kompositionswettbewerbs \u201ead libitum\u201c stehen fest &#8211; Archiv Frau und Musik","og_description":"Die Komponistin Bnaya Halperin-Kaddari (Berlin) erh\u00e4lt einen von zwei zweiten Pl\u00e4tzen auf dem vierten Kompositionswettbewerbs &#8220;ad libitum&#8221;. Netzwerk Neue Musik Baden-W\u00fcrttemberg e.V. Pressemeldung Preistr\u00e4ger des vierten Kompositionswettbewerbs \u201ead libitum\u201c stehen fest Bereits zum vierten Mal wurde vom Netzwerk Neue Musik Baden-W\u00fcrttemberg in Kooperation mit der Winfried B\u00f6hler Kultur Stiftung der Kompositionswettbewerb ad libitum ausgelobt. Mit ... Weiterlesen ...","og_url":"https:\/\/www.archiv-frau-musik.de\/en\/archives\/2015-12-preistraeger-des-vierten-kompositionswettbewerbs-ad-libitum-stehen-fest","og_site_name":"Archiv Frau und Musik","article_published_time":"2015-12-14T07:39:39+00:00","article_modified_time":"2018-03-01T23:39:42+00:00","author":"Susanne Wosnitzka","twitter_card":"summary_large_image","twitter_misc":{"Written by":"Susanne Wosnitzka","Est. reading time":"2 minutes"},"schema":{"@context":"https:\/\/schema.org","@graph":[{"@type":"Article","@id":"https:\/\/www.archiv-frau-musik.de\/en\/archives\/2015-12-preistraeger-des-vierten-kompositionswettbewerbs-ad-libitum-stehen-fest#article","isPartOf":{"@id":"https:\/\/www.archiv-frau-musik.de\/en\/archives\/2015-12-preistraeger-des-vierten-kompositionswettbewerbs-ad-libitum-stehen-fest"},"author":{"name":"Susanne Wosnitzka","@id":"https:\/\/www.archiv-frau-musik.de\/en\/#\/schema\/person\/098b86c964d3428203bd1fa833f8499f"},"headline":"2015-12 Preistr\u00e4ger des vierten Kompositionswettbewerbs \u201ead libitum\u201c stehen fest","datePublished":"2015-12-14T07:39:39+00:00","dateModified":"2018-03-01T23:39:42+00:00","mainEntityOfPage":{"@id":"https:\/\/www.archiv-frau-musik.de\/en\/archives\/2015-12-preistraeger-des-vierten-kompositionswettbewerbs-ad-libitum-stehen-fest"},"wordCount":440,"articleSection":[""],"inLanguage":"en-US"},{"@type":"WebPage","@id":"https:\/\/www.archiv-frau-musik.de\/en\/archives\/2015-12-preistraeger-des-vierten-kompositionswettbewerbs-ad-libitum-stehen-fest","url":"https:\/\/www.archiv-frau-musik.de\/en\/archives\/2015-12-preistraeger-des-vierten-kompositionswettbewerbs-ad-libitum-stehen-fest","name":"2015-12 Preistr\u00e4ger des vierten Kompositionswettbewerbs \u201ead libitum\u201c stehen fest &#8211; Archiv Frau und Musik","isPartOf":{"@id":"https:\/\/www.archiv-frau-musik.de\/en\/#website"},"datePublished":"2015-12-14T07:39:39+00:00","dateModified":"2018-03-01T23:39:42+00:00","author":{"@id":"https:\/\/www.archiv-frau-musik.de\/en\/#\/schema\/person\/098b86c964d3428203bd1fa833f8499f"},"breadcrumb":{"@id":"https:\/\/www.archiv-frau-musik.de\/en\/archives\/2015-12-preistraeger-des-vierten-kompositionswettbewerbs-ad-libitum-stehen-fest#breadcrumb"},"inLanguage":"en-US","potentialAction":[{"@type":"ReadAction","target":[["https:\/\/www.archiv-frau-musik.de\/en\/archives\/2015-12-preistraeger-des-vierten-kompositionswettbewerbs-ad-libitum-stehen-fest"]]}]},{"@type":"BreadcrumbList","@id":"https:\/\/www.archiv-frau-musik.de\/en\/archives\/2015-12-preistraeger-des-vierten-kompositionswettbewerbs-ad-libitum-stehen-fest#breadcrumb","itemListElement":[{"@type":"ListItem","position":1,"name":"Startseite","item":"https:\/\/www.archiv-frau-musik.de\/en\/"},{"@type":"ListItem","position":2,"name":"2015-12 Preistr\u00e4ger des vierten Kompositionswettbewerbs \u201ead libitum\u201c stehen fest"}]},{"@type":"WebSite","@id":"https:\/\/www.archiv-frau-musik.de\/en\/#website","url":"https:\/\/www.archiv-frau-musik.de\/en\/","name":"Archiv Frau und Musik","description":"","potentialAction":[{"@type":"SearchAction","target":{"@type":"EntryPoint","urlTemplate":"https:\/\/www.archiv-frau-musik.de\/en\/?s={search_term_string}"},"query-input":{"@type":"PropertyValueSpecification","valueRequired":true,"valueName":"search_term_string"}}],"inLanguage":"en-US"},{"@type":"Person","@id":"https:\/\/www.archiv-frau-musik.de\/en\/#\/schema\/person\/098b86c964d3428203bd1fa833f8499f","name":"Susanne Wosnitzka","image":{"@type":"ImageObject","inLanguage":"en-US","@id":"https:\/\/secure.gravatar.com\/avatar\/4b8dc71d4a6bc86326708727ed7153c065df0707bac62859beeebe4c03021c70?s=96&d=identicon&r=g","url":"https:\/\/secure.gravatar.com\/avatar\/4b8dc71d4a6bc86326708727ed7153c065df0707bac62859beeebe4c03021c70?s=96&d=identicon&r=g","contentUrl":"https:\/\/secure.gravatar.com\/avatar\/4b8dc71d4a6bc86326708727ed7153c065df0707bac62859beeebe4c03021c70?s=96&d=identicon&r=g","caption":"Susanne Wosnitzka"},"sameAs":["https:\/\/www.susanne-wosnitzka.de"],"url":"https:\/\/www.archiv-frau-musik.de\/en\/archives\/author\/wosnitzka"}]}},"_links":{"self":[{"href":"https:\/\/www.archiv-frau-musik.de\/en\/wp-json\/wp\/v2\/posts\/3326","targetHints":{"allow":["GET"]}}],"collection":[{"href":"https:\/\/www.archiv-frau-musik.de\/en\/wp-json\/wp\/v2\/posts"}],"about":[{"href":"https:\/\/www.archiv-frau-musik.de\/en\/wp-json\/wp\/v2\/types\/post"}],"author":[{"embeddable":true,"href":"https:\/\/www.archiv-frau-musik.de\/en\/wp-json\/wp\/v2\/users\/5"}],"replies":[{"embeddable":true,"href":"https:\/\/www.archiv-frau-musik.de\/en\/wp-json\/wp\/v2\/comments?post=3326"}],"version-history":[{"count":1,"href":"https:\/\/www.archiv-frau-musik.de\/en\/wp-json\/wp\/v2\/posts\/3326\/revisions"}],"predecessor-version":[{"id":5573,"href":"https:\/\/www.archiv-frau-musik.de\/en\/wp-json\/wp\/v2\/posts\/3326\/revisions\/5573"}],"wp:attachment":[{"href":"https:\/\/www.archiv-frau-musik.de\/en\/wp-json\/wp\/v2\/media?parent=3326"}],"wp:term":[{"taxonomy":"category","embeddable":true,"href":"https:\/\/www.archiv-frau-musik.de\/en\/wp-json\/wp\/v2\/categories?post=3326"},{"taxonomy":"post_tag","embeddable":true,"href":"https:\/\/www.archiv-frau-musik.de\/en\/wp-json\/wp\/v2\/tags?post=3326"}],"curies":[{"name":"wp","href":"https:\/\/api.w.org\/{rel}","templated":true}]}}