{"id":3192,"date":"2015-11-09T10:37:31","date_gmt":"2015-11-09T09:37:31","guid":{"rendered":"http:\/\/www.archiv-frau-musik.de\/?p=3192"},"modified":"2018-03-02T00:45:03","modified_gmt":"2018-03-01T23:45:03","slug":"12-11-14-11-2015-komponistinnenportraet-zu-helma-autenrieth-organisiert-von-gedok-freiburg-e-v","status":"publish","type":"post","link":"https:\/\/www.archiv-frau-musik.de\/en\/archives\/12-11-14-11-2015-komponistinnenportraet-zu-helma-autenrieth-organisiert-von-gedok-freiburg-e-v","title":{"rendered":"12.11. \/ 14.11.2015 Komponistinnenportr\u00e4t zu Helma Autenrieth, organisiert von: GEDOK Freiburg e. V."},"content":{"rendered":"<p style=\"text-align: justify;\"><strong>10. Jahreskonzert der GEDOK Freiburg e. V.:<\/strong><\/p>\n<div>\n<div style=\"text-align: justify;\">\n<p><strong>Helma Autenrieth, eine Begegnung in Wort und Musik<\/strong><\/p>\n<p><strong>Rebecca Falk | Sofia Ogas | Manana Odishelidze | Elisabeth St\u00e4blein-Beinlich<\/strong><\/p>\n<p><strong>Sa, 14. November 2015 | 20 Uhr<\/strong><\/p>\n<p><strong>Historisches Kaufhaus, Kaisersaal<\/strong><br \/>\nM\u00fcnsterplatz 24 | 79098 Freiburg<\/p>\n<p>Rebecca Falk | Violoncello<br \/>\nSofia Ogas | Violoncello<br \/>\nManana Osishelidze | Klavier<br \/>\nElisabeth St\u00e4blein-Beinlich | Klavier und K\u00fcnstlerische Gesamtleitung<\/p>\n<p><strong>Tickets ab 18 Euro und Erm\u00e4\u00dfigungen<\/strong><\/p>\n<p><strong>Vorkonzert zum Jahreskonzert:<\/strong><br \/>\nDonnerstag,\u00a0 12. November 2015 | 20 Uhr<br \/>\nFl\u00fcgelsaal Pianohaus Lepthien | Schwarzwaldstr. 9a | Freiburg<\/p>\n<p>Um Werke von Komponistinnen in der \u00d6ffentlichkeit bekannter zu machen, veranstaltet die GEDOK Freiburg in der Reihe \u201eKomponistinnen in Wort und Musik\u201c das 10. Portr\u00e4tkonzert, in diesem Jahr mit Werken von Helma Autenrieth.<\/p>\n<p>Helma Autenrieth wurde im Todesjahr von Clara Schumann geboren und studierte 1914-1918 in Frankfurt am Hoch\u00b4schen Konservatorium Komposition. Ihr Kommilitone war Paul Hindemith. Sie selber wurde \u201eder kleine Hindemith\u201c genannt. Im Zuge der NS-Zeit verlor sie ihre Stelle beim Frankfurter Rundfunk und an der Hochschule f\u00fcr Musik in Mannheim. Doch nach dem II. Weltkrieg wurde sie vom Rektor der Mannheimer Musikhochschule, Richard Laugs quasi neu entdeckt.<\/p>\n<p>Helma Autenrieth fasst neuen Mut, l\u00e4sst ihre Werke im Eigenverlag drucken und gibt eine Schallplatte v. a. mit ihren Klavierwerken heraus. Ihre Musik ist ein wertvolles historisches Zeugnis, da nur zwei Frauen innerhalb von 40 Jahren ein Kompositionsdiplom in Frankfurt erhielten. Es werden ihre Jubil\u00e4umsvariationen f\u00fcr Zwei Klaviere, mehrere Soloklavierwerke und in Zusammenarbeit mit der Begabtenf\u00f6rderung der Hochschule f\u00fcr Musik ihre Sonate f\u00fcr Zwei Celli und Klavier aufgef\u00fchrt. Das Konzert wird mit biografischen Erl\u00e4uterungen umrahmt.<\/p>\n<p>Die GEDOK freut sich die beiden T\u00f6chter sowie Enkelinnen und Enkel der Komponistin im Konzert begr\u00fc\u00dfen zu d\u00fcrfen.<\/p>\n<p>&#8212;<\/p>\n<p><strong>Impulse \/ Tradition \/ Zur Entstehung des Konzerts<\/strong><br \/>\n(Von Elisabeth St\u00e4blein-Beinlich | Projektleitung)<\/p>\n<p>Es ist schon einige Jahre her, dass mich die Fotografin Ingrid Wieland-Autenrieth gebeten hatte, ein kleines Hauskonzert mit Werken ihrer Mutter Helma Autenrieth zu geben. Wir hatten uns \u00fcber die GEDOK Freiburg kennengelernt. Zu dieser Zeit war die Konzertreihe \u201eKomponistinnen in Wort und Musik\u201c noch im Aufbau begriffen, mittlerweile z\u00e4hlt sie bereits das zehnte Konzert.<br \/>\nSeit zwei Jahren betreue ich nun den musikalischen Nachlass der Komponistin und habe ihre Klavierwerke bei zahlreichen Konzerten oder Vortr\u00e4gen gespielt. Beim St\u00e4dtischen Empfang zum Internationalen Frauentag im M\u00e4rz 2015 konnte ich stellvertretend f\u00fcr alle Frauenverb\u00e4nde die Arbeit der GEDOK Musik vorstellen. Bereits da sprach ich \u00fcber Helma Autenrieth und spielte ihre Suite f\u00fcr Klavier. Dieser frauenpolitische Rahmen hat weitere T\u00fcren ge\u00f6ffnet und in Folge habe ich zahlreiche Kontakte gekn\u00fcpft. Frauennetzwerken im besten Sinn.<\/p>\n<p>Und dennoch denke ich, ist es Zeit die Werke von Komponistinnen aus der \u201eFrauenecke\u201c heraus-<br \/>\nzuholen. Warum sollen sie nur von Frauen f\u00fcr Frauen aufgef\u00fchrt werden? Kunst ist Kunst! Doch um eine zeitgem\u00e4\u00dfe Teilhabe von Komponistinnen am derzeitigen \u00f6ffentlichen Musikleben zu erreichen, braucht es &#8211; leider &#8211; nach wie vor frauenpolitisches Engagement: Erst der Internationale Frauentag z.B. machte es m\u00f6glich, dass im Casino Basel dieses Jahr Symphonien von Ethel Smyth und Louise Farrenc aufgef\u00fchrt wurden. Warum so selten? Und wie sieht es in Freiburg aus? In der letzten Spielzeit stand in den gro\u00dfen Konzertreihen der Stadt Freiburg (SWR-Konzertreihen, Philharmonisches Orchester, Albertkonzerte) &#8211; mit Ausnahme der Auff\u00fchrung des Oratoriums von Isabelle Aboulker im Stadttheater, der auch das letzte Jahreskonzert gewidmet war &#8211; kein einziges Werk einer Komponistin auf dem Programm. Das ist der Status Quo.<\/p>\n<p>Also braucht es offensichtlich auch weiterhin diese GEDOK-Konzertreihe. Zum Gl\u00fcck finden sich immer engagierte Musikerinnen, die bereit sind, sich auf unbekannte Werke von Komponistinnen einzulassen. Mit Manana Odishelidze habe ich bereits anl\u00e4sslich des Frauentages 2013 die Jubil\u00e4umsvariationen f\u00fcr 2 Klaviere von Helma Autenrieth im STiMM.PUNKT Freiburg aufgef\u00fchrt. Nichts lag also n\u00e4her als meine Kollegin, die mittlerweile auch in die GEDOK eingetreten war, f\u00fcr dieses Konzert um ihre Mitwirkung zu bitten. Um Werke von Komponistinnen auch j\u00fcngeren MusikerInnen n\u00e4her zu bringen, habe ich Kontakt mit der Begabtenf\u00f6rderung der\u00a0 der Hochschule f\u00fcr Musik aufgenommen. \u00dcber Beverley Ellis, die selbst schon bei zahlreichen Portraits mitgewirkt hat, konnte ich die junge Cellistin Rebecca Falk aus der Vorklasse (FAB) und Sofia Ogas, ebenfalls Studentin an der Musikhochschule, gewinnen. Ihnen allen herzlichen Dank!<br \/>\nAm Ende sei auch allen privaten und \u00f6ffentlichen Sponsoren f\u00fcr die finanzielle Unterst\u00fctzung dieser Konzertreihe gedankt. Mit dem 10. Konzert haben wir durch Ihre Hilfe ein doch recht beachtliches Jubil\u00e4um erreicht.<\/p>\n<p>&#8212;<\/p>\n<p><strong>VITA: Helma Autenrieth<\/strong>, geborene Schleu\u00dfner | (1896-1981)<\/p>\n<p>Geb. am 6.12.1896 in Frankfurt am Main; gest. am 29.11.1981 in Mannheim<br \/>\nIhr Gro\u00dfvater war der Erfinder der photographischen Trockenplatte<br \/>\nIhr Vater, Carl Moritz Schleu\u00dfner entwickelte mit Wilhelm R\u00f6ntgen die R\u00f6ntgenplatte<\/p>\n<p><strong>1914-1918<\/strong><br \/>\nMusikstudium am Hoch\u2019schen Konservatorium in Frankfurturt a.M.:<br \/>\nKlavier, Theorie und Komposition bei Bernhard Sekles (1872-1934)<\/p>\n<p><strong>1919-1926<\/strong><br \/>\nWeitere Klavierstudien bei Willy Renner und Frederic Lamond<\/p>\n<p><strong>1923<\/strong><br \/>\nKlavierlehrerin an der Hochschule f\u00fcr Musik Mannheim; Heirat mit Walter Autenrieth<\/p>\n<p><strong>1926\/27<\/strong><br \/>\nGeburt der beiden T\u00f6chter Ingrid und Isolde<\/p>\n<p><strong>1926<\/strong><br \/>\nInitiatorin von \u201eDas Neue Klavierbuch\u201c, Musikverlag B. Schott\u2019s S\u00f6hne<\/p>\n<p><strong>1929 -1933<\/strong><br \/>\nBeim Frankfurter Rundfunk, u.a. Stunde der Laienmusik<br \/>\nSeit der Machtergreifung durch den Nationalsozialismus quasi Berufsverbot<\/p>\n<p><strong>1935 <\/strong><br \/>\nGeburt der j\u00fcngsten Tochter Siglind; R\u00fcckzug in die Familie<\/p>\n<p><strong>1945<\/strong><br \/>\nWiederaufnahme ihrer musikalischen T\u00e4tigkeiten<\/p>\n<p><strong>1951<\/strong><br \/>\nSuite f\u00fcr Klavier<\/p>\n<p><strong>1966<\/strong><br \/>\nZunehmend Auff\u00fchrungen eigener Werke<\/p>\n<p><strong>1968<\/strong><br \/>\nUA Sinfonietta mit dem Trauermarsch in Lissabon, Orchester des Staatl. Rundfunks<\/p>\n<p><strong>1972<\/strong><br \/>\nSchallplatte mit Werken von Helma Autenrieth bei Da Camera<\/p>\n<p>Alle Klavierwerke und Sonate f\u00fcr Klavier und 2 Celli im Eigenverlag ver\u00f6ffentlicht<br \/>\nIm Nachlass u.a.: eine Kleinoper, einige Lieder, ein H\u00f6rspiel \u00fcber Chopin, Skizzen<\/p>\n<\/div>\n<\/div>\n","protected":false},"excerpt":{"rendered":"<p>10. Jahreskonzert der GEDOK Freiburg e. V.: Helma Autenrieth, eine Begegnung in Wort und Musik Rebecca Falk | Sofia Ogas | Manana Odishelidze | Elisabeth St\u00e4blein-Beinlich Sa, 14. November 2015 | 20 Uhr Historisches Kaufhaus, Kaisersaal M\u00fcnsterplatz 24 | 79098 Freiburg Rebecca Falk | Violoncello Sofia Ogas | Violoncello Manana Osishelidze | Klavier Elisabeth St\u00e4blein-Beinlich &#8230; <a title=\"12.11. \/ 14.11.2015 Komponistinnenportr\u00e4t zu Helma Autenrieth, organisiert von: GEDOK Freiburg e. V.\" class=\"read-more\" href=\"https:\/\/www.archiv-frau-musik.de\/en\/archives\/12-11-14-11-2015-komponistinnenportraet-zu-helma-autenrieth-organisiert-von-gedok-freiburg-e-v\" aria-label=\"Read more about 12.11. \/ 14.11.2015 Komponistinnenportr\u00e4t zu Helma Autenrieth, organisiert von: GEDOK Freiburg e. V.\">Weiterlesen &#8230;<\/a><\/p>\n","protected":false},"author":5,"featured_media":0,"comment_status":"closed","ping_status":"closed","sticky":false,"template":"","format":"standard","meta":{"generate_page_header":"","footnotes":"","_wpscppro_dont_share_socialmedia":false,"_wpscppro_custom_social_share_image":0,"_facebook_share_type":"","_twitter_share_type":"","_linkedin_share_type":"","_pinterest_share_type":"","_linkedin_share_type_page":"","_instagram_share_type":"","_medium_share_type":"","_threads_share_type":"","_google_business_share_type":"","_selected_social_profile":[],"_wpsp_enable_custom_social_template":false,"_wpsp_social_scheduling":{"enabled":false,"datetime":null,"platforms":[],"status":"template_only","dateOption":"today","timeOption":"now","customDays":"","customHours":"","customDate":"","customTime":"","schedulingType":"absolute"},"_wpsp_active_default_template":true},"categories":[131],"tags":[],"class_list":["post-3192","post","type-post","status-publish","format-standard","hentry","category-veranstaltung","masonry-post","generate-columns","tablet-grid-50","mobile-grid-100","grid-parent","grid-33"],"yoast_head":"<!-- This site is optimized with the Yoast SEO plugin v27.5 - https:\/\/yoast.com\/product\/yoast-seo-wordpress\/ -->\n<title>12.11. \/ 14.11.2015 Komponistinnenportr\u00e4t zu Helma Autenrieth, organisiert von: GEDOK Freiburg e. V. &#8211; Archiv Frau und Musik<\/title>\n<meta name=\"robots\" content=\"index, follow, max-snippet:-1, max-image-preview:large, max-video-preview:-1\" \/>\n<link rel=\"canonical\" href=\"https:\/\/www.archiv-frau-musik.de\/en\/archives\/12-11-14-11-2015-komponistinnenportraet-zu-helma-autenrieth-organisiert-von-gedok-freiburg-e-v\" \/>\n<meta property=\"og:locale\" content=\"en_US\" \/>\n<meta property=\"og:type\" content=\"article\" \/>\n<meta property=\"og:title\" content=\"12.11. \/ 14.11.2015 Komponistinnenportr\u00e4t zu Helma Autenrieth, organisiert von: GEDOK Freiburg e. V. &#8211; Archiv Frau und Musik\" \/>\n<meta property=\"og:description\" content=\"10. Jahreskonzert der GEDOK Freiburg e. V.: Helma Autenrieth, eine Begegnung in Wort und Musik Rebecca Falk | Sofia Ogas | Manana Odishelidze | Elisabeth St\u00e4blein-Beinlich Sa, 14. November 2015 | 20 Uhr Historisches Kaufhaus, Kaisersaal M\u00fcnsterplatz 24 | 79098 Freiburg Rebecca Falk | Violoncello Sofia Ogas | Violoncello Manana Osishelidze | Klavier Elisabeth St\u00e4blein-Beinlich ... Weiterlesen ...\" \/>\n<meta property=\"og:url\" content=\"https:\/\/www.archiv-frau-musik.de\/en\/archives\/12-11-14-11-2015-komponistinnenportraet-zu-helma-autenrieth-organisiert-von-gedok-freiburg-e-v\" \/>\n<meta property=\"og:site_name\" content=\"Archiv Frau und Musik\" \/>\n<meta property=\"article:published_time\" content=\"2015-11-09T09:37:31+00:00\" \/>\n<meta property=\"article:modified_time\" content=\"2018-03-01T23:45:03+00:00\" \/>\n<meta name=\"author\" content=\"Susanne Wosnitzka\" \/>\n<meta name=\"twitter:card\" content=\"summary_large_image\" \/>\n<meta name=\"twitter:label1\" content=\"Written by\" \/>\n\t<meta name=\"twitter:data1\" content=\"Susanne Wosnitzka\" \/>\n\t<meta name=\"twitter:label2\" content=\"Est. reading time\" \/>\n\t<meta name=\"twitter:data2\" content=\"5 minutes\" \/>\n<script type=\"application\/ld+json\" class=\"yoast-schema-graph\">{\"@context\":\"https:\\\/\\\/schema.org\",\"@graph\":[{\"@type\":\"Article\",\"@id\":\"https:\\\/\\\/www.archiv-frau-musik.de\\\/archives\\\/12-11-14-11-2015-komponistinnenportraet-zu-helma-autenrieth-organisiert-von-gedok-freiburg-e-v#article\",\"isPartOf\":{\"@id\":\"https:\\\/\\\/www.archiv-frau-musik.de\\\/archives\\\/12-11-14-11-2015-komponistinnenportraet-zu-helma-autenrieth-organisiert-von-gedok-freiburg-e-v\"},\"author\":{\"name\":\"Susanne Wosnitzka\",\"@id\":\"https:\\\/\\\/www.archiv-frau-musik.de\\\/en\\\/#\\\/schema\\\/person\\\/098b86c964d3428203bd1fa833f8499f\"},\"headline\":\"12.11. \\\/ 14.11.2015 Komponistinnenportr\u00e4t zu Helma Autenrieth, organisiert von: GEDOK Freiburg e. V.\",\"datePublished\":\"2015-11-09T09:37:31+00:00\",\"dateModified\":\"2018-03-01T23:45:03+00:00\",\"mainEntityOfPage\":{\"@id\":\"https:\\\/\\\/www.archiv-frau-musik.de\\\/archives\\\/12-11-14-11-2015-komponistinnenportraet-zu-helma-autenrieth-organisiert-von-gedok-freiburg-e-v\"},\"wordCount\":933,\"articleSection\":[\"\"],\"inLanguage\":\"en-US\"},{\"@type\":\"WebPage\",\"@id\":\"https:\\\/\\\/www.archiv-frau-musik.de\\\/en\\\/archives\\\/12-11-14-11-2015-komponistinnenportraet-zu-helma-autenrieth-organisiert-von-gedok-freiburg-e-v\",\"url\":\"https:\\\/\\\/www.archiv-frau-musik.de\\\/en\\\/archives\\\/12-11-14-11-2015-komponistinnenportraet-zu-helma-autenrieth-organisiert-von-gedok-freiburg-e-v\",\"name\":\"12.11. \\\/ 14.11.2015 Komponistinnenportr\u00e4t zu Helma Autenrieth, organisiert von: GEDOK Freiburg e. V. &#8211; Archiv Frau und Musik\",\"isPartOf\":{\"@id\":\"https:\\\/\\\/www.archiv-frau-musik.de\\\/en\\\/#website\"},\"datePublished\":\"2015-11-09T09:37:31+00:00\",\"dateModified\":\"2018-03-01T23:45:03+00:00\",\"author\":{\"@id\":\"https:\\\/\\\/www.archiv-frau-musik.de\\\/en\\\/#\\\/schema\\\/person\\\/098b86c964d3428203bd1fa833f8499f\"},\"breadcrumb\":{\"@id\":\"https:\\\/\\\/www.archiv-frau-musik.de\\\/en\\\/archives\\\/12-11-14-11-2015-komponistinnenportraet-zu-helma-autenrieth-organisiert-von-gedok-freiburg-e-v#breadcrumb\"},\"inLanguage\":\"en-US\",\"potentialAction\":[{\"@type\":\"ReadAction\",\"target\":[[\"https:\\\/\\\/www.archiv-frau-musik.de\\\/en\\\/archives\\\/12-11-14-11-2015-komponistinnenportraet-zu-helma-autenrieth-organisiert-von-gedok-freiburg-e-v\"]]}]},{\"@type\":\"BreadcrumbList\",\"@id\":\"https:\\\/\\\/www.archiv-frau-musik.de\\\/en\\\/archives\\\/12-11-14-11-2015-komponistinnenportraet-zu-helma-autenrieth-organisiert-von-gedok-freiburg-e-v#breadcrumb\",\"itemListElement\":[{\"@type\":\"ListItem\",\"position\":1,\"name\":\"Startseite\",\"item\":\"https:\\\/\\\/www.archiv-frau-musik.de\\\/en\\\/\"},{\"@type\":\"ListItem\",\"position\":2,\"name\":\"12.11. \\\/ 14.11.2015 Komponistinnenportr\u00e4t zu Helma Autenrieth, organisiert von: GEDOK Freiburg e. V.\"}]},{\"@type\":\"WebSite\",\"@id\":\"https:\\\/\\\/www.archiv-frau-musik.de\\\/en\\\/#website\",\"url\":\"https:\\\/\\\/www.archiv-frau-musik.de\\\/en\\\/\",\"name\":\"Archiv Frau und Musik\",\"description\":\"\",\"potentialAction\":[{\"@type\":\"SearchAction\",\"target\":{\"@type\":\"EntryPoint\",\"urlTemplate\":\"https:\\\/\\\/www.archiv-frau-musik.de\\\/en\\\/?s={search_term_string}\"},\"query-input\":{\"@type\":\"PropertyValueSpecification\",\"valueRequired\":true,\"valueName\":\"search_term_string\"}}],\"inLanguage\":\"en-US\"},{\"@type\":\"Person\",\"@id\":\"https:\\\/\\\/www.archiv-frau-musik.de\\\/en\\\/#\\\/schema\\\/person\\\/098b86c964d3428203bd1fa833f8499f\",\"name\":\"Susanne Wosnitzka\",\"image\":{\"@type\":\"ImageObject\",\"inLanguage\":\"en-US\",\"@id\":\"https:\\\/\\\/secure.gravatar.com\\\/avatar\\\/4b8dc71d4a6bc86326708727ed7153c065df0707bac62859beeebe4c03021c70?s=96&d=identicon&r=g\",\"url\":\"https:\\\/\\\/secure.gravatar.com\\\/avatar\\\/4b8dc71d4a6bc86326708727ed7153c065df0707bac62859beeebe4c03021c70?s=96&d=identicon&r=g\",\"contentUrl\":\"https:\\\/\\\/secure.gravatar.com\\\/avatar\\\/4b8dc71d4a6bc86326708727ed7153c065df0707bac62859beeebe4c03021c70?s=96&d=identicon&r=g\",\"caption\":\"Susanne Wosnitzka\"},\"sameAs\":[\"https:\\\/\\\/www.susanne-wosnitzka.de\"],\"url\":\"https:\\\/\\\/www.archiv-frau-musik.de\\\/en\\\/archives\\\/author\\\/wosnitzka\"}]}<\/script>\n<!-- \/ Yoast SEO plugin. -->","yoast_head_json":{"title":"12.11. \/ 14.11.2015 Komponistinnenportr\u00e4t zu Helma Autenrieth, organisiert von: GEDOK Freiburg e. V. &#8211; Archiv Frau und Musik","robots":{"index":"index","follow":"follow","max-snippet":"max-snippet:-1","max-image-preview":"max-image-preview:large","max-video-preview":"max-video-preview:-1"},"canonical":"https:\/\/www.archiv-frau-musik.de\/en\/archives\/12-11-14-11-2015-komponistinnenportraet-zu-helma-autenrieth-organisiert-von-gedok-freiburg-e-v","og_locale":"en_US","og_type":"article","og_title":"12.11. \/ 14.11.2015 Komponistinnenportr\u00e4t zu Helma Autenrieth, organisiert von: GEDOK Freiburg e. V. &#8211; Archiv Frau und Musik","og_description":"10. Jahreskonzert der GEDOK Freiburg e. V.: Helma Autenrieth, eine Begegnung in Wort und Musik Rebecca Falk | Sofia Ogas | Manana Odishelidze | Elisabeth St\u00e4blein-Beinlich Sa, 14. November 2015 | 20 Uhr Historisches Kaufhaus, Kaisersaal M\u00fcnsterplatz 24 | 79098 Freiburg Rebecca Falk | Violoncello Sofia Ogas | Violoncello Manana Osishelidze | Klavier Elisabeth St\u00e4blein-Beinlich ... Weiterlesen ...","og_url":"https:\/\/www.archiv-frau-musik.de\/en\/archives\/12-11-14-11-2015-komponistinnenportraet-zu-helma-autenrieth-organisiert-von-gedok-freiburg-e-v","og_site_name":"Archiv Frau und Musik","article_published_time":"2015-11-09T09:37:31+00:00","article_modified_time":"2018-03-01T23:45:03+00:00","author":"Susanne Wosnitzka","twitter_card":"summary_large_image","twitter_misc":{"Written by":"Susanne Wosnitzka","Est. reading time":"5 minutes"},"schema":{"@context":"https:\/\/schema.org","@graph":[{"@type":"Article","@id":"https:\/\/www.archiv-frau-musik.de\/archives\/12-11-14-11-2015-komponistinnenportraet-zu-helma-autenrieth-organisiert-von-gedok-freiburg-e-v#article","isPartOf":{"@id":"https:\/\/www.archiv-frau-musik.de\/archives\/12-11-14-11-2015-komponistinnenportraet-zu-helma-autenrieth-organisiert-von-gedok-freiburg-e-v"},"author":{"name":"Susanne Wosnitzka","@id":"https:\/\/www.archiv-frau-musik.de\/en\/#\/schema\/person\/098b86c964d3428203bd1fa833f8499f"},"headline":"12.11. \/ 14.11.2015 Komponistinnenportr\u00e4t zu Helma Autenrieth, organisiert von: GEDOK Freiburg e. V.","datePublished":"2015-11-09T09:37:31+00:00","dateModified":"2018-03-01T23:45:03+00:00","mainEntityOfPage":{"@id":"https:\/\/www.archiv-frau-musik.de\/archives\/12-11-14-11-2015-komponistinnenportraet-zu-helma-autenrieth-organisiert-von-gedok-freiburg-e-v"},"wordCount":933,"articleSection":[""],"inLanguage":"en-US"},{"@type":"WebPage","@id":"https:\/\/www.archiv-frau-musik.de\/en\/archives\/12-11-14-11-2015-komponistinnenportraet-zu-helma-autenrieth-organisiert-von-gedok-freiburg-e-v","url":"https:\/\/www.archiv-frau-musik.de\/en\/archives\/12-11-14-11-2015-komponistinnenportraet-zu-helma-autenrieth-organisiert-von-gedok-freiburg-e-v","name":"12.11. \/ 14.11.2015 Komponistinnenportr\u00e4t zu Helma Autenrieth, organisiert von: GEDOK Freiburg e. V. &#8211; Archiv Frau und Musik","isPartOf":{"@id":"https:\/\/www.archiv-frau-musik.de\/en\/#website"},"datePublished":"2015-11-09T09:37:31+00:00","dateModified":"2018-03-01T23:45:03+00:00","author":{"@id":"https:\/\/www.archiv-frau-musik.de\/en\/#\/schema\/person\/098b86c964d3428203bd1fa833f8499f"},"breadcrumb":{"@id":"https:\/\/www.archiv-frau-musik.de\/en\/archives\/12-11-14-11-2015-komponistinnenportraet-zu-helma-autenrieth-organisiert-von-gedok-freiburg-e-v#breadcrumb"},"inLanguage":"en-US","potentialAction":[{"@type":"ReadAction","target":[["https:\/\/www.archiv-frau-musik.de\/en\/archives\/12-11-14-11-2015-komponistinnenportraet-zu-helma-autenrieth-organisiert-von-gedok-freiburg-e-v"]]}]},{"@type":"BreadcrumbList","@id":"https:\/\/www.archiv-frau-musik.de\/en\/archives\/12-11-14-11-2015-komponistinnenportraet-zu-helma-autenrieth-organisiert-von-gedok-freiburg-e-v#breadcrumb","itemListElement":[{"@type":"ListItem","position":1,"name":"Startseite","item":"https:\/\/www.archiv-frau-musik.de\/en\/"},{"@type":"ListItem","position":2,"name":"12.11. \/ 14.11.2015 Komponistinnenportr\u00e4t zu Helma Autenrieth, organisiert von: GEDOK Freiburg e. V."}]},{"@type":"WebSite","@id":"https:\/\/www.archiv-frau-musik.de\/en\/#website","url":"https:\/\/www.archiv-frau-musik.de\/en\/","name":"Archiv Frau und Musik","description":"","potentialAction":[{"@type":"SearchAction","target":{"@type":"EntryPoint","urlTemplate":"https:\/\/www.archiv-frau-musik.de\/en\/?s={search_term_string}"},"query-input":{"@type":"PropertyValueSpecification","valueRequired":true,"valueName":"search_term_string"}}],"inLanguage":"en-US"},{"@type":"Person","@id":"https:\/\/www.archiv-frau-musik.de\/en\/#\/schema\/person\/098b86c964d3428203bd1fa833f8499f","name":"Susanne Wosnitzka","image":{"@type":"ImageObject","inLanguage":"en-US","@id":"https:\/\/secure.gravatar.com\/avatar\/4b8dc71d4a6bc86326708727ed7153c065df0707bac62859beeebe4c03021c70?s=96&d=identicon&r=g","url":"https:\/\/secure.gravatar.com\/avatar\/4b8dc71d4a6bc86326708727ed7153c065df0707bac62859beeebe4c03021c70?s=96&d=identicon&r=g","contentUrl":"https:\/\/secure.gravatar.com\/avatar\/4b8dc71d4a6bc86326708727ed7153c065df0707bac62859beeebe4c03021c70?s=96&d=identicon&r=g","caption":"Susanne Wosnitzka"},"sameAs":["https:\/\/www.susanne-wosnitzka.de"],"url":"https:\/\/www.archiv-frau-musik.de\/en\/archives\/author\/wosnitzka"}]}},"_links":{"self":[{"href":"https:\/\/www.archiv-frau-musik.de\/en\/wp-json\/wp\/v2\/posts\/3192","targetHints":{"allow":["GET"]}}],"collection":[{"href":"https:\/\/www.archiv-frau-musik.de\/en\/wp-json\/wp\/v2\/posts"}],"about":[{"href":"https:\/\/www.archiv-frau-musik.de\/en\/wp-json\/wp\/v2\/types\/post"}],"author":[{"embeddable":true,"href":"https:\/\/www.archiv-frau-musik.de\/en\/wp-json\/wp\/v2\/users\/5"}],"replies":[{"embeddable":true,"href":"https:\/\/www.archiv-frau-musik.de\/en\/wp-json\/wp\/v2\/comments?post=3192"}],"version-history":[{"count":1,"href":"https:\/\/www.archiv-frau-musik.de\/en\/wp-json\/wp\/v2\/posts\/3192\/revisions"}],"predecessor-version":[{"id":5604,"href":"https:\/\/www.archiv-frau-musik.de\/en\/wp-json\/wp\/v2\/posts\/3192\/revisions\/5604"}],"wp:attachment":[{"href":"https:\/\/www.archiv-frau-musik.de\/en\/wp-json\/wp\/v2\/media?parent=3192"}],"wp:term":[{"taxonomy":"category","embeddable":true,"href":"https:\/\/www.archiv-frau-musik.de\/en\/wp-json\/wp\/v2\/categories?post=3192"},{"taxonomy":"post_tag","embeddable":true,"href":"https:\/\/www.archiv-frau-musik.de\/en\/wp-json\/wp\/v2\/tags?post=3192"}],"curies":[{"name":"wp","href":"https:\/\/api.w.org\/{rel}","templated":true}]}}