{"id":17642,"global_id":"www.archiv-frau-musik.de\/en?id=17642","global_id_lineage":["www.archiv-frau-musik.de\/en?id=17642"],"author":"5","status":"publish","date":"2026-09-01 21:36:49","date_utc":"2026-09-01 19:36:49","modified":"2026-09-01 21:36:49","modified_utc":"2026-09-01 19:36:49","url":"https:\/\/www.archiv-frau-musik.de\/en\/event\/femme-sonore-3-teile-musiksalon-im-feministischen-diskurs-3","rest_url":"https:\/\/www.archiv-frau-musik.de\/en\/wp-json\/tribe\/events\/v1\/events\/17642","title":"(Deutsch) FEMME SONORE \u2013 3 Teile! Musiksalon im feministischen Diskurs #3","description":"<p class=\"qtranxs-available-languages-message qtranxs-available-languages-message-en\">Sorry, this entry is only available in <a href=\"https:\/\/www.archiv-frau-musik.de\/de\/wp-json\/tribe\/events\/v1\/events\/17642\" class=\"qtranxs-available-language-link qtranxs-available-language-link-de\" title=\"Deutsch\">Deutsch<\/a>.<\/p>","excerpt":"","slug":"femme-sonore-3-teile-musiksalon-im-feministischen-diskurs-3","image":false,"all_day":false,"start_date":"2026-11-04 19:00:00","start_date_details":{"year":"2026","month":"11","day":"04","hour":"19","minutes":"00","seconds":"00"},"end_date":"2026-11-04 20:30:00","end_date_details":{"year":"2026","month":"11","day":"04","hour":"20","minutes":"30","seconds":"00"},"utc_start_date":"2026-11-04 18:00:00","utc_start_date_details":{"year":"2026","month":"11","day":"04","hour":"18","minutes":"00","seconds":"00"},"utc_end_date":"2026-11-04 19:30:00","utc_end_date_details":{"year":"2026","month":"11","day":"04","hour":"19","minutes":"30","seconds":"00"},"timezone":"Europe\/Berlin","timezone_abbr":"CET","cost":"","cost_details":{"currency_symbol":"\u20ac","currency_code":"EUR","currency_position":"suffix","values":[]},"website":"https:\/\/femmesonore.com\/de\/#koncerty","show_map":true,"show_map_link":true,"hide_from_listings":false,"sticky":true,"featured":false,"categories":[{"name":"Gespr\u00e4chskonzert","slug":"gespraechskonzert","term_group":0,"term_taxonomy_id":1277,"taxonomy":"tribe_events_cat","description":"","parent":0,"count":37,"filter":"raw","i18n_config":{"name":{"ts":{"de":"Gespr\u00e4chskonzert"}}},"id":1276,"urls":{"self":"https:\/\/www.archiv-frau-musik.de\/en\/wp-json\/tribe\/events\/v1\/categories\/1276","collection":"https:\/\/www.archiv-frau-musik.de\/en\/wp-json\/tribe\/events\/v1\/categories"}}],"tags":[{"name":"Ania Vegry","slug":"ania-vegry","term_group":0,"term_taxonomy_id":2732,"taxonomy":"post_tag","description":"","parent":0,"count":1,"filter":"raw","i18n_config":{"name":{"ts":{"de":"Ania Vegry"}}},"id":2731,"urls":{"self":"https:\/\/www.archiv-frau-musik.de\/en\/wp-json\/tribe\/events\/v1\/tags\/2731","collection":"https:\/\/www.archiv-frau-musik.de\/en\/wp-json\/tribe\/events\/v1\/tags"}},{"name":"Exil","slug":"exil","term_group":0,"term_taxonomy_id":1506,"taxonomy":"post_tag","description":"","parent":0,"count":3,"filter":"raw","i18n_config":{"name":{"ts":{"de":"Exil"}}},"id":1505,"urls":{"self":"https:\/\/www.archiv-frau-musik.de\/en\/wp-json\/tribe\/events\/v1\/tags\/1505","collection":"https:\/\/www.archiv-frau-musik.de\/en\/wp-json\/tribe\/events\/v1\/tags"}},{"name":"Julia Kerr","slug":"julia-kerr","term_group":0,"term_taxonomy_id":2731,"taxonomy":"post_tag","description":"","parent":0,"count":1,"filter":"raw","i18n_config":{"name":{"ts":{"de":"Julia Kerr"}}},"id":2730,"urls":{"self":"https:\/\/www.archiv-frau-musik.de\/en\/wp-json\/tribe\/events\/v1\/tags\/2730","collection":"https:\/\/www.archiv-frau-musik.de\/en\/wp-json\/tribe\/events\/v1\/tags"}},{"name":"Katarszyna Wasiak","slug":"katarszyna-wasiak","term_group":0,"term_taxonomy_id":2733,"taxonomy":"post_tag","description":"","parent":0,"count":1,"filter":"raw","i18n_config":{"name":{"ts":{"de":"Katarszyna Wasiak"}}},"id":2732,"urls":{"self":"https:\/\/www.archiv-frau-musik.de\/en\/wp-json\/tribe\/events\/v1\/tags\/2732","collection":"https:\/\/www.archiv-frau-musik.de\/en\/wp-json\/tribe\/events\/v1\/tags"}},{"name":"Komponistinnen","slug":"komponistinnen","term_group":0,"term_taxonomy_id":188,"taxonomy":"post_tag","description":"","parent":0,"count":274,"filter":"raw","i18n_config":{"name":{"ts":{"de":"Komponistinnen"}}},"id":187,"urls":{"self":"https:\/\/www.archiv-frau-musik.de\/en\/wp-json\/tribe\/events\/v1\/tags\/187","collection":"https:\/\/www.archiv-frau-musik.de\/en\/wp-json\/tribe\/events\/v1\/tags"}},{"name":"Maria Herz","slug":"maria-herz","term_group":0,"term_taxonomy_id":1647,"taxonomy":"post_tag","description":"","parent":0,"count":5,"filter":"raw","i18n_config":{"name":{"ts":{"de":"Maria Herz"}}},"id":1646,"urls":{"self":"https:\/\/www.archiv-frau-musik.de\/en\/wp-json\/tribe\/events\/v1\/tags\/1646","collection":"https:\/\/www.archiv-frau-musik.de\/en\/wp-json\/tribe\/events\/v1\/tags"}},{"name":"Museum des Lebuser Landes","slug":"museum-des-lebuser-landes","term_group":0,"term_taxonomy_id":2730,"taxonomy":"post_tag","description":"","parent":0,"count":1,"filter":"raw","i18n_config":{"name":{"ts":{"de":"Museum des Lebuser Landes"}}},"id":2729,"urls":{"self":"https:\/\/www.archiv-frau-musik.de\/en\/wp-json\/tribe\/events\/v1\/tags\/2729","collection":"https:\/\/www.archiv-frau-musik.de\/en\/wp-json\/tribe\/events\/v1\/tags"}},{"name":"Polen","slug":"polen","term_group":0,"term_taxonomy_id":324,"taxonomy":"post_tag","description":"","parent":0,"count":5,"filter":"raw","i18n_config":{"name":{"ts":{"de":"Polen"}}},"id":323,"urls":{"self":"https:\/\/www.archiv-frau-musik.de\/en\/wp-json\/tribe\/events\/v1\/tags\/323","collection":"https:\/\/www.archiv-frau-musik.de\/en\/wp-json\/tribe\/events\/v1\/tags"}},{"name":"Susanne Wosnitzka","slug":"susanne-wosnitzka","term_group":0,"term_taxonomy_id":865,"taxonomy":"post_tag","description":"","parent":0,"count":10,"filter":"raw","i18n_config":{"name":{"ts":{"de":"Susanne Wosnitzka"}}},"id":864,"urls":{"self":"https:\/\/www.archiv-frau-musik.de\/en\/wp-json\/tribe\/events\/v1\/tags\/864","collection":"https:\/\/www.archiv-frau-musik.de\/en\/wp-json\/tribe\/events\/v1\/tags"}},{"name":"Ursula Mamlok","slug":"ursula-mamlok","term_group":0,"term_taxonomy_id":1706,"taxonomy":"post_tag","description":"","parent":0,"count":11,"filter":"raw","i18n_config":{"name":{"ts":{"de":"Ursula Mamlok"}}},"id":1705,"urls":{"self":"https:\/\/www.archiv-frau-musik.de\/en\/wp-json\/tribe\/events\/v1\/tags\/1705","collection":"https:\/\/www.archiv-frau-musik.de\/en\/wp-json\/tribe\/events\/v1\/tags"}},{"name":"Zielona G\u00f3ra","slug":"zielona-gora","term_group":0,"term_taxonomy_id":2729,"taxonomy":"post_tag","description":"","parent":0,"count":1,"filter":"raw","i18n_config":{"name":{"ts":{"de":"Zielona G\u00f3ra"}}},"id":2728,"urls":{"self":"https:\/\/www.archiv-frau-musik.de\/en\/wp-json\/tribe\/events\/v1\/tags\/2728","collection":"https:\/\/www.archiv-frau-musik.de\/en\/wp-json\/tribe\/events\/v1\/tags"}}],"venue":{"id":17643,"author":"5","status":"publish","date":"2026-09-01 21:36:49","date_utc":"2026-09-01 19:36:49","modified":"2026-09-01 21:36:49","modified_utc":"2026-09-01 19:36:49","url":"https:\/\/www.archiv-frau-musik.de\/en\/venue\/museum-des-lebuser-landes-muzeum-ziemi-lubuskiej","venue":"Museum des Lebuser Landes (Muzeum Ziemi Lubuskiej)","slug":"museum-des-lebuser-landes-muzeum-ziemi-lubuskiej","address":"al. Niepodleg\u0142o\u015bci 15","city":"Zielona G\u00f3ra (Polen)","zip":"PL 65-048","website":"https:\/\/femmesonore.com\/de\/#koncerty","json_ld":{"@type":"Place","name":"Museum des Lebuser Landes (Muzeum Ziemi Lubuskiej)","description":"","url":"","address":{"@type":"PostalAddress","streetAddress":"al. Niepodleg\u0142o\u015bci 15","addressLocality":"Zielona G\u00f3ra (Polen)","postalCode":"PL 65-048"},"telephone":"","sameAs":"https:\/\/femmesonore.com\/de\/#koncerty"},"show_map":true,"show_map_link":true,"global_id":"www.archiv-frau-musik.de\/en?id=17643","global_id_lineage":["www.archiv-frau-musik.de\/en?id=17643"]},"organizer":[{"id":17638,"author":"5","status":"publish","date":"2026-09-01 21:26:18","date_utc":"2026-09-01 19:26:18","modified":"2026-09-01 21:26:18","modified_utc":"2026-09-01 19:26:18","url":"https:\/\/www.archiv-frau-musik.de\/en\/organizer\/katarzyna-wasiak","organizer":"Katarzyna Wasiak","slug":"katarzyna-wasiak","website":"https:\/\/femmesonore.com\/de\/#koncerty","json_ld":{"@type":"Person","name":"Katarzyna Wasiak","description":"","url":"https:\/\/femmesonore.com\/de\/#koncerty","telephone":"","email":"","sameAs":"https:\/\/femmesonore.com\/de\/#koncerty"},"global_id":"www.archiv-frau-musik.de\/en?id=17638","global_id_lineage":["www.archiv-frau-musik.de\/en?id=17638"]}],"custom_fields":[],"json_ld":{"@context":"http:\/\/schema.org","@type":"Event","name":"(Deutsch) FEMME SONORE \u2013 3 Teile! Musiksalon im feministischen Diskurs #3","description":"&lt;p&gt;Mittwoch, 4. November 2026 | 19 Uhr | Museum des Lebuser Landes (Muzeum Ziemi Lubuskiej) al. Niepodleg\u0142o\u015bci 15, 65-048 Zielona G\u00f3ra (PL) \u201eStimmen aus dem Exil\u201c Programm: Lieder von Julia Kerr und Maria Herz; Grasshoppers von Ursula Mamlok f\u00fcr Klavier solo Mitwirkende: Ania Vegry (Sopran), Katarzyna Wasiak (Klavier) Diskurs: Susanne Wosnitzka M. A. (Musikwissenschaftlerin) und ... &lt;a title=&quot;(Deutsch) FEMME SONORE \u2013 3 Teile! Musiksalon im feministischen Diskurs #3&quot; class=&quot;read-more&quot; href=&quot;https:\/\/www.archiv-frau-musik.de\/en\/event\/femme-sonore-3-teile-musiksalon-im-feministischen-diskurs-3&quot; aria-label=&quot;Read more about (Deutsch) FEMME SONORE \u2013 3 Teile! Musiksalon im feministischen Diskurs #3&quot;&gt;Weiterlesen ...&lt;\/a&gt;&lt;\/p&gt;\\n","url":"https:\/\/www.archiv-frau-musik.de\/en\/event\/femme-sonore-3-teile-musiksalon-im-feministischen-diskurs-3\/","eventAttendanceMode":"https:\/\/schema.org\/OfflineEventAttendanceMode","eventStatus":"https:\/\/schema.org\/EventScheduled","startDate":"2026-11-04T19:00:00+01:00","endDate":"2026-11-04T20:30:00+01:00","location":{"@type":"Place","name":"Museum des Lebuser Landes (Muzeum Ziemi Lubuskiej)","description":"","url":"","address":{"@type":"PostalAddress","streetAddress":"al. Niepodleg\u0142o\u015bci 15","addressLocality":"Zielona G\u00f3ra (Polen)","postalCode":"PL 65-048"},"telephone":"","sameAs":"https:\/\/femmesonore.com\/de\/#koncerty"},"organizer":{"@type":"Person","name":"Katarzyna Wasiak","description":"","url":"https:\/\/femmesonore.com\/de\/#koncerty","telephone":"","email":"","sameAs":"https:\/\/femmesonore.com\/de\/#koncerty"},"performer":"Organization"}}