{"id":17640,"global_id":"www.archiv-frau-musik.de\/en?id=17640","global_id_lineage":["www.archiv-frau-musik.de\/en?id=17640"],"author":"5","status":"publish","date":"2026-09-01 21:31:05","date_utc":"2026-09-01 19:31:05","modified":"2026-09-01 21:31:05","modified_utc":"2026-09-01 19:31:05","url":"https:\/\/www.archiv-frau-musik.de\/en\/event\/femme-sonore-3-teile-musiksalon-im-feministischen-diskurs-2","rest_url":"https:\/\/www.archiv-frau-musik.de\/en\/wp-json\/tribe\/events\/v1\/events\/17640","title":"(Deutsch) FEMME SONORE \u2013 3 Teile! Musiksalon im feministischen Diskurs #2","description":"<p class=\"qtranxs-available-languages-message qtranxs-available-languages-message-en\">Sorry, this entry is only available in <a href=\"https:\/\/www.archiv-frau-musik.de\/de\/wp-json\/tribe\/events\/v1\/events\/17640\" class=\"qtranxs-available-language-link qtranxs-available-language-link-de\" title=\"Deutsch\">Deutsch<\/a>.<\/p>","excerpt":"","slug":"femme-sonore-3-teile-musiksalon-im-feministischen-diskurs-2","image":false,"all_day":false,"start_date":"2026-10-17 19:00:00","start_date_details":{"year":"2026","month":"10","day":"17","hour":"19","minutes":"00","seconds":"00"},"end_date":"2026-10-17 20:30:00","end_date_details":{"year":"2026","month":"10","day":"17","hour":"20","minutes":"30","seconds":"00"},"utc_start_date":"2026-10-17 17:00:00","utc_start_date_details":{"year":"2026","month":"10","day":"17","hour":"17","minutes":"00","seconds":"00"},"utc_end_date":"2026-10-17 18:30:00","utc_end_date_details":{"year":"2026","month":"10","day":"17","hour":"18","minutes":"30","seconds":"00"},"timezone":"Europe\/Berlin","timezone_abbr":"CEST","cost":"","cost_details":{"currency_symbol":"\u20ac","currency_code":"EUR","currency_position":"suffix","values":[]},"website":"https:\/\/femmesonore.com\/de\/#koncerty","show_map":true,"show_map_link":true,"hide_from_listings":false,"sticky":true,"featured":false,"categories":[{"name":"Gespr\u00e4chskonzert","slug":"gespraechskonzert","term_group":0,"term_taxonomy_id":1277,"taxonomy":"tribe_events_cat","description":"","parent":0,"count":37,"filter":"raw","i18n_config":{"name":{"ts":{"de":"Gespr\u00e4chskonzert"}}},"id":1276,"urls":{"self":"https:\/\/www.archiv-frau-musik.de\/en\/wp-json\/tribe\/events\/v1\/categories\/1276","collection":"https:\/\/www.archiv-frau-musik.de\/en\/wp-json\/tribe\/events\/v1\/categories"}}],"tags":[{"name":"Berlin","slug":"berlin","term_group":0,"term_taxonomy_id":204,"taxonomy":"post_tag","description":"","parent":0,"count":59,"filter":"raw","i18n_config":{"name":{"ts":{"de":"Berlin"}}},"id":203,"urls":{"self":"https:\/\/www.archiv-frau-musik.de\/en\/wp-json\/tribe\/events\/v1\/tags\/203","collection":"https:\/\/www.archiv-frau-musik.de\/en\/wp-json\/tribe\/events\/v1\/tags"}},{"name":"Femme Sonore","slug":"femme-sonore","term_group":0,"term_taxonomy_id":2725,"taxonomy":"post_tag","description":"","parent":0,"count":1,"filter":"raw","i18n_config":{"name":{"ts":{"de":"Femme Sonore"}}},"id":2724,"urls":{"self":"https:\/\/www.archiv-frau-musik.de\/en\/wp-json\/tribe\/events\/v1\/tags\/2724","collection":"https:\/\/www.archiv-frau-musik.de\/en\/wp-json\/tribe\/events\/v1\/tags"}},{"name":"Gabriela Moyseowicz","slug":"gabriela-moyseowicz","term_group":0,"term_taxonomy_id":2724,"taxonomy":"post_tag","description":"","parent":0,"count":2,"filter":"raw","i18n_config":{"name":{"ts":{"de":"Gabriela Moyseowicz"}}},"id":2723,"urls":{"self":"https:\/\/www.archiv-frau-musik.de\/en\/wp-json\/tribe\/events\/v1\/tags\/2723","collection":"https:\/\/www.archiv-frau-musik.de\/en\/wp-json\/tribe\/events\/v1\/tags"}},{"name":"Gra\u017cyna Bacewicz","slug":"grazyna-bacewicz","term_group":0,"term_taxonomy_id":860,"taxonomy":"post_tag","description":"","parent":0,"count":6,"filter":"raw","i18n_config":{"name":{"ts":{"de":"Gra\u017cyna Bacewicz"}}},"id":859,"urls":{"self":"https:\/\/www.archiv-frau-musik.de\/en\/wp-json\/tribe\/events\/v1\/tags\/859","collection":"https:\/\/www.archiv-frau-musik.de\/en\/wp-json\/tribe\/events\/v1\/tags"}},{"name":"Juae Ha","slug":"juae-ha","term_group":0,"term_taxonomy_id":2727,"taxonomy":"post_tag","description":"","parent":0,"count":1,"filter":"raw","i18n_config":{"name":{"ts":{"de":"Juae Ha"}}},"id":2726,"urls":{"self":"https:\/\/www.archiv-frau-musik.de\/en\/wp-json\/tribe\/events\/v1\/tags\/2726","collection":"https:\/\/www.archiv-frau-musik.de\/en\/wp-json\/tribe\/events\/v1\/tags"}},{"name":"Katarzyna Kwiecie\u0144-D\u0142ugosz","slug":"katarzyna-kwiecien-dlugosz","term_group":0,"term_taxonomy_id":2723,"taxonomy":"post_tag","description":"","parent":0,"count":2,"filter":"raw","i18n_config":{"name":{"ts":{"de":"Katarzyna Kwiecie\u0144-D\u0142ugosz"}}},"id":2722,"urls":{"self":"https:\/\/www.archiv-frau-musik.de\/en\/wp-json\/tribe\/events\/v1\/tags\/2722","collection":"https:\/\/www.archiv-frau-musik.de\/en\/wp-json\/tribe\/events\/v1\/tags"}},{"name":"Komponistinnen","slug":"komponistinnen","term_group":0,"term_taxonomy_id":188,"taxonomy":"post_tag","description":"","parent":0,"count":274,"filter":"raw","i18n_config":{"name":{"ts":{"de":"Komponistinnen"}}},"id":187,"urls":{"self":"https:\/\/www.archiv-frau-musik.de\/en\/wp-json\/tribe\/events\/v1\/tags\/187","collection":"https:\/\/www.archiv-frau-musik.de\/en\/wp-json\/tribe\/events\/v1\/tags"}},{"name":"Magdalena Heinz","slug":"magdalena-heinz","term_group":0,"term_taxonomy_id":2726,"taxonomy":"post_tag","description":"","parent":0,"count":1,"filter":"raw","i18n_config":{"name":{"ts":{"de":"Magdalena Heinz"}}},"id":2725,"urls":{"self":"https:\/\/www.archiv-frau-musik.de\/en\/wp-json\/tribe\/events\/v1\/tags\/2725","collection":"https:\/\/www.archiv-frau-musik.de\/en\/wp-json\/tribe\/events\/v1\/tags"}},{"name":"Meike Pfister","slug":"meike-pfister","term_group":0,"term_taxonomy_id":2728,"taxonomy":"post_tag","description":"","parent":0,"count":1,"filter":"raw","i18n_config":{"name":{"ts":{"de":"Meike Pfister"}}},"id":2727,"urls":{"self":"https:\/\/www.archiv-frau-musik.de\/en\/wp-json\/tribe\/events\/v1\/tags\/2727","collection":"https:\/\/www.archiv-frau-musik.de\/en\/wp-json\/tribe\/events\/v1\/tags"}},{"name":"Schwartzsche Villa","slug":"schwartzsche-villa","term_group":0,"term_taxonomy_id":1503,"taxonomy":"post_tag","description":"","parent":0,"count":3,"filter":"raw","i18n_config":{"name":{"ts":{"de":"Schwartzsche Villa"}}},"id":1502,"urls":{"self":"https:\/\/www.archiv-frau-musik.de\/en\/wp-json\/tribe\/events\/v1\/tags\/1502","collection":"https:\/\/www.archiv-frau-musik.de\/en\/wp-json\/tribe\/events\/v1\/tags"}}],"venue":{"id":17637,"author":"5","status":"publish","date":"2026-09-01 21:26:18","date_utc":"2026-09-01 19:26:18","modified":"2026-09-01 21:26:18","modified_utc":"2026-09-01 19:26:18","url":"https:\/\/www.archiv-frau-musik.de\/en\/venue\/kulturhaus-schwartzsche-villa","venue":"Kulturhaus Schwartzsche Villa","slug":"kulturhaus-schwartzsche-villa","address":"Grunewaldstra\u00dfe 55","city":"Berlin","zip":"12165","website":"https:\/\/femmesonore.com\/de\/#koncerty","json_ld":{"@type":"Place","name":"Kulturhaus Schwartzsche Villa","description":"","url":"","address":{"@type":"PostalAddress","streetAddress":"Grunewaldstra\u00dfe 55","addressLocality":"Berlin","postalCode":"12165"},"telephone":"","sameAs":"https:\/\/femmesonore.com\/de\/#koncerty"},"show_map":true,"show_map_link":true,"global_id":"www.archiv-frau-musik.de\/en?id=17637","global_id_lineage":["www.archiv-frau-musik.de\/en?id=17637"]},"organizer":[{"id":17638,"author":"5","status":"publish","date":"2026-09-01 21:26:18","date_utc":"2026-09-01 19:26:18","modified":"2026-09-01 21:26:18","modified_utc":"2026-09-01 19:26:18","url":"https:\/\/www.archiv-frau-musik.de\/en\/organizer\/katarzyna-wasiak","organizer":"Katarzyna Wasiak","slug":"katarzyna-wasiak","website":"https:\/\/femmesonore.com\/de\/#koncerty","json_ld":{"@type":"Person","name":"Katarzyna Wasiak","description":"","url":"https:\/\/femmesonore.com\/de\/#koncerty","telephone":"","email":"","sameAs":"https:\/\/femmesonore.com\/de\/#koncerty"},"global_id":"www.archiv-frau-musik.de\/en?id=17638","global_id_lineage":["www.archiv-frau-musik.de\/en?id=17638"]}],"custom_fields":[],"json_ld":{"@context":"http:\/\/schema.org","@type":"Event","name":"(Deutsch) FEMME SONORE \u2013 3 Teile! Musiksalon im feministischen Diskurs #2","description":"&lt;p&gt;Samstag, 17. Oktober 2026 | 19 Uhr | Kulturhaus Schwartzsche Villa, Grunewaldstra\u00dfe 55, 12165 Berlin | Eintritt 10 \u20ac (erm. 6 \u20ac) \u201eDie polnische Sonate \u2013 Gestern &amp; Heute\u201c Programm: Gabriela Moyseowicz (Polnische Sonate), Gra\u017cyna Bacewicz (IV. Sonate) und Katarzyna Kwiecie\u0144-D\u0142ugosz (Werk f\u00fcr Violine und Klavier \u2013 Urauff\u00fchrung) Mitwirkende: Magdalena Heinz (Violine), Juae Ha (Klavier) ... &lt;a title=&quot;(Deutsch) FEMME SONORE \u2013 3 Teile! Musiksalon im feministischen Diskurs #2&quot; class=&quot;read-more&quot; href=&quot;https:\/\/www.archiv-frau-musik.de\/en\/event\/femme-sonore-3-teile-musiksalon-im-feministischen-diskurs-2&quot; aria-label=&quot;Read more about (Deutsch) FEMME SONORE \u2013 3 Teile! Musiksalon im feministischen Diskurs #2&quot;&gt;Weiterlesen ...&lt;\/a&gt;&lt;\/p&gt;\\n","url":"https:\/\/www.archiv-frau-musik.de\/en\/event\/femme-sonore-3-teile-musiksalon-im-feministischen-diskurs-2\/","eventAttendanceMode":"https:\/\/schema.org\/OfflineEventAttendanceMode","eventStatus":"https:\/\/schema.org\/EventScheduled","startDate":"2026-10-17T19:00:00+02:00","endDate":"2026-10-17T20:30:00+02:00","location":{"@type":"Place","name":"Kulturhaus Schwartzsche Villa","description":"","url":"","address":{"@type":"PostalAddress","streetAddress":"Grunewaldstra\u00dfe 55","addressLocality":"Berlin","postalCode":"12165"},"telephone":"","sameAs":"https:\/\/femmesonore.com\/de\/#koncerty"},"organizer":{"@type":"Person","name":"Katarzyna Wasiak","description":"","url":"https:\/\/femmesonore.com\/de\/#koncerty","telephone":"","email":"","sameAs":"https:\/\/femmesonore.com\/de\/#koncerty"},"performer":"Organization"}}