{"id":16906,"global_id":"www.archiv-frau-musik.de\/en?id=16906","global_id_lineage":["www.archiv-frau-musik.de\/en?id=16906"],"author":"5","status":"publish","date":"2026-04-26 21:40:13","date_utc":"2026-04-26 19:40:13","modified":"2026-04-26 21:40:13","modified_utc":"2026-04-26 19:40:13","url":"https:\/\/www.archiv-frau-musik.de\/en\/event\/trio-piu-colore-komponistinnen-konzert","rest_url":"https:\/\/www.archiv-frau-musik.de\/en\/wp-json\/tribe\/events\/v1\/events\/16906","title":"(Deutsch) Trio Pi\u00fa Colore: Komponistinnen | Konzert","description":"<p class=\"qtranxs-available-languages-message qtranxs-available-languages-message-en\">Sorry, this entry is only available in <a href=\"https:\/\/www.archiv-frau-musik.de\/de\/wp-json\/tribe\/events\/v1\/events\/16906\" class=\"qtranxs-available-language-link qtranxs-available-language-link-de\" title=\"Deutsch\">Deutsch<\/a>.<\/p>","excerpt":"","slug":"trio-piu-colore-komponistinnen-konzert","image":false,"all_day":false,"start_date":"2026-05-03 11:00:00","start_date_details":{"year":"2026","month":"05","day":"03","hour":"11","minutes":"00","seconds":"00"},"end_date":"2026-05-03 12:30:00","end_date_details":{"year":"2026","month":"05","day":"03","hour":"12","minutes":"30","seconds":"00"},"utc_start_date":"2026-05-03 09:00:00","utc_start_date_details":{"year":"2026","month":"05","day":"03","hour":"09","minutes":"00","seconds":"00"},"utc_end_date":"2026-05-03 10:30:00","utc_end_date_details":{"year":"2026","month":"05","day":"03","hour":"10","minutes":"30","seconds":"00"},"timezone":"Europe\/Berlin","timezone_abbr":"CEST","cost":"","cost_details":{"currency_symbol":"\u20ac","currency_code":"EUR","currency_position":"suffix","values":[]},"website":"https:\/\/www.kreis-alzey-worms.de\/aktuelles\/immer-auf-dem-neuesten-stand\/news-und-infos-aus-alzey-worms\/benefizkonzert-mit-dem-trio-piu-colore-musik-die-verbindet-und-hilft\/","show_map":true,"show_map_link":true,"hide_from_listings":false,"sticky":true,"featured":false,"categories":[{"name":"Konzert","slug":"konzert","term_group":0,"term_taxonomy_id":391,"taxonomy":"tribe_events_cat","description":"","parent":0,"count":230,"filter":"raw","i18n_config":{"name":{"ts":{"de":"Konzert"}}},"id":390,"urls":{"self":"https:\/\/www.archiv-frau-musik.de\/en\/wp-json\/tribe\/events\/v1\/categories\/390","collection":"https:\/\/www.archiv-frau-musik.de\/en\/wp-json\/tribe\/events\/v1\/categories"}}],"tags":[{"name":"Alzey","slug":"alzey","term_group":0,"term_taxonomy_id":1038,"taxonomy":"post_tag","description":"","parent":0,"count":2,"filter":"raw","i18n_config":{"name":{"ts":{"de":"Alzey"}}},"id":1037,"urls":{"self":"https:\/\/www.archiv-frau-musik.de\/en\/wp-json\/tribe\/events\/v1\/tags\/1037","collection":"https:\/\/www.archiv-frau-musik.de\/en\/wp-json\/tribe\/events\/v1\/tags"}},{"name":"Claudia Meinardus","slug":"claudia-meinardus","term_group":0,"term_taxonomy_id":1247,"taxonomy":"post_tag","description":"","parent":0,"count":6,"filter":"raw","i18n_config":{"name":{"ts":{"de":"Claudia Meinardus"}}},"id":1246,"urls":{"self":"https:\/\/www.archiv-frau-musik.de\/en\/wp-json\/tribe\/events\/v1\/tags\/1246","collection":"https:\/\/www.archiv-frau-musik.de\/en\/wp-json\/tribe\/events\/v1\/tags"}},{"name":"Gleichstellungsstelle","slug":"gleichstellungsstelle","term_group":0,"term_taxonomy_id":2578,"taxonomy":"post_tag","description":"","parent":0,"count":1,"filter":"raw","i18n_config":{"name":{"ts":{"de":"Gleichstellungsstelle"}}},"id":2577,"urls":{"self":"https:\/\/www.archiv-frau-musik.de\/en\/wp-json\/tribe\/events\/v1\/tags\/2577","collection":"https:\/\/www.archiv-frau-musik.de\/en\/wp-json\/tribe\/events\/v1\/tags"}},{"name":"Klavier","slug":"klavier","term_group":0,"term_taxonomy_id":311,"taxonomy":"post_tag","description":"","parent":0,"count":23,"filter":"raw","i18n_config":{"name":{"ts":{"de":"Klavier"}}},"id":310,"urls":{"self":"https:\/\/www.archiv-frau-musik.de\/en\/wp-json\/tribe\/events\/v1\/tags\/310","collection":"https:\/\/www.archiv-frau-musik.de\/en\/wp-json\/tribe\/events\/v1\/tags"}},{"name":"Komponistinnen","slug":"komponistinnen","term_group":0,"term_taxonomy_id":188,"taxonomy":"post_tag","description":"","parent":0,"count":255,"filter":"raw","i18n_config":{"name":{"ts":{"de":"Komponistinnen"}}},"id":187,"urls":{"self":"https:\/\/www.archiv-frau-musik.de\/en\/wp-json\/tribe\/events\/v1\/tags\/187","collection":"https:\/\/www.archiv-frau-musik.de\/en\/wp-json\/tribe\/events\/v1\/tags"}},{"name":"Konzert","slug":"konzert","term_group":0,"term_taxonomy_id":186,"taxonomy":"post_tag","description":"","parent":0,"count":180,"filter":"raw","i18n_config":{"name":{"ts":{"de":"Konzert"}}},"id":185,"urls":{"self":"https:\/\/www.archiv-frau-musik.de\/en\/wp-json\/tribe\/events\/v1\/tags\/185","collection":"https:\/\/www.archiv-frau-musik.de\/en\/wp-json\/tribe\/events\/v1\/tags"}},{"name":"Kreisvolkshochschule","slug":"kreisvolkshochschule","term_group":0,"term_taxonomy_id":2577,"taxonomy":"post_tag","description":"","parent":0,"count":1,"filter":"raw","i18n_config":{"name":{"ts":{"de":"Kreisvolkshochschule"}}},"id":2576,"urls":{"self":"https:\/\/www.archiv-frau-musik.de\/en\/wp-json\/tribe\/events\/v1\/tags\/2576","collection":"https:\/\/www.archiv-frau-musik.de\/en\/wp-json\/tribe\/events\/v1\/tags"}},{"name":"Trio Pi\u00fa Colore","slug":"trio-piu-colore","term_group":0,"term_taxonomy_id":2576,"taxonomy":"post_tag","description":"","parent":0,"count":1,"filter":"raw","i18n_config":{"name":{"ts":{"de":"Trio Pi\u00fa Colore"}}},"id":2575,"urls":{"self":"https:\/\/www.archiv-frau-musik.de\/en\/wp-json\/tribe\/events\/v1\/tags\/2575","collection":"https:\/\/www.archiv-frau-musik.de\/en\/wp-json\/tribe\/events\/v1\/tags"}}],"venue":{"id":16907,"author":"5","status":"publish","date":"2026-04-26 21:40:13","date_utc":"2026-04-26 19:40:13","modified":"2026-04-26 21:40:13","modified_utc":"2026-04-26 19:40:13","url":"https:\/\/www.archiv-frau-musik.de\/en\/venue\/kreisvolkshochschule-alzey-worms","venue":"Kreisvolkshochschule Alzey-Worms","slug":"kreisvolkshochschule-alzey-worms","address":"Theodor-Heuss-Ring 2","city":"Alzey-Worms","json_ld":{"@type":"Place","name":"Kreisvolkshochschule Alzey-Worms","description":"","url":"","address":{"@type":"PostalAddress","streetAddress":"Theodor-Heuss-Ring 2","addressLocality":"Alzey-Worms"},"telephone":"","sameAs":""},"show_map":true,"show_map_link":true,"global_id":"www.archiv-frau-musik.de\/en?id=16907","global_id_lineage":["www.archiv-frau-musik.de\/en?id=16907"]},"organizer":[{"id":16908,"author":"5","status":"publish","date":"2026-04-26 21:40:13","date_utc":"2026-04-26 19:40:13","modified":"2026-04-26 21:40:13","modified_utc":"2026-04-26 19:40:13","url":"https:\/\/www.archiv-frau-musik.de\/en\/organizer\/kreisvolkshochschule-alzey-worms","organizer":"Kreisvolkshochschule Alzey-Worms","slug":"kreisvolkshochschule-alzey-worms","website":"https:\/\/www.kreis-alzey-worms.de\/aktuelles\/immer-auf-dem-neuesten-stand\/news-und-infos-aus-alzey-worms\/benefizkonzert-mit-dem-trio-piu-colore-musik-die-verbindet-und-hilft\/","json_ld":{"@type":"Person","name":"Kreisvolkshochschule Alzey-Worms","description":"","url":"https:\/\/www.kreis-alzey-worms.de\/aktuelles\/immer-auf-dem-neuesten-stand\/news-und-infos-aus-alzey-worms\/benefizkonzert-mit-dem-trio-piu-colore-musik-die-verbindet-und-hilft\/","telephone":"","email":"","sameAs":"https:\/\/www.kreis-alzey-worms.de\/aktuelles\/immer-auf-dem-neuesten-stand\/news-und-infos-aus-alzey-worms\/benefizkonzert-mit-dem-trio-piu-colore-musik-die-verbindet-und-hilft\/"},"global_id":"www.archiv-frau-musik.de\/en?id=16908","global_id_lineage":["www.archiv-frau-musik.de\/en?id=16908"]}],"custom_fields":[],"json_ld":{"@context":"http:\/\/schema.org","@type":"Event","name":"(Deutsch) Trio Pi\u00fa Colore: Komponistinnen | Konzert","description":"&lt;p&gt;Sonntag, 3. Mai 2026, 11 Uhr, Saal der Kreisvolkshochschule Alzey-Worms, Theodor-Heuss-Ring 2 Benefizkonzert mit dem Trio Pi\u00fa Colore: Der Klarinettist Samir M\u00fcller, die Cellistin Traudl Herrmann und Claudia Meinardus am Klavier musizieren seit rund eineinhalb Jahren gemeinsam. F\u00fcr dieses Konzert pr\u00e4sentieren sie ein abwechslungsreiches Kammermusikprogramm ausschlie\u00dflich mit Werken von Komponistinnen \u2013 ein bewusstes musikalisches Statement. ... &lt;a title=&quot;(Deutsch) Trio Pi\u00fa Colore: Komponistinnen | Konzert&quot; class=&quot;read-more&quot; href=&quot;https:\/\/www.archiv-frau-musik.de\/en\/event\/trio-piu-colore-komponistinnen-konzert&quot; aria-label=&quot;Read more about (Deutsch) Trio Pi\u00fa Colore: Komponistinnen | Konzert&quot;&gt;Weiterlesen ...&lt;\/a&gt;&lt;\/p&gt;\\n","url":"https:\/\/www.archiv-frau-musik.de\/en\/event\/trio-piu-colore-komponistinnen-konzert\/","eventAttendanceMode":"https:\/\/schema.org\/OfflineEventAttendanceMode","eventStatus":"https:\/\/schema.org\/EventScheduled","startDate":"2026-05-03T11:00:00+02:00","endDate":"2026-05-03T12:30:00+02:00","location":{"@type":"Place","name":"Kreisvolkshochschule Alzey-Worms","description":"","url":"","address":{"@type":"PostalAddress","streetAddress":"Theodor-Heuss-Ring 2","addressLocality":"Alzey-Worms"},"telephone":"","sameAs":""},"organizer":{"@type":"Person","name":"Kreisvolkshochschule Alzey-Worms","description":"","url":"https:\/\/www.kreis-alzey-worms.de\/aktuelles\/immer-auf-dem-neuesten-stand\/news-und-infos-aus-alzey-worms\/benefizkonzert-mit-dem-trio-piu-colore-musik-die-verbindet-und-hilft\/","telephone":"","email":"","sameAs":"https:\/\/www.kreis-alzey-worms.de\/aktuelles\/immer-auf-dem-neuesten-stand\/news-und-infos-aus-alzey-worms\/benefizkonzert-mit-dem-trio-piu-colore-musik-die-verbindet-und-hilft\/"},"performer":"Organization"}}