{"id":14002,"global_id":"www.archiv-frau-musik.de\/en?id=14002","global_id_lineage":["www.archiv-frau-musik.de\/en?id=14002"],"author":"5","status":"publish","date":"2025-06-03 10:28:02","date_utc":"2025-06-03 08:28:02","modified":"2025-06-03 10:28:03","modified_utc":"2025-06-03 08:28:03","url":"https:\/\/www.archiv-frau-musik.de\/en\/event\/cecile-chaminade-komponistin-im-portraet","rest_url":"https:\/\/www.archiv-frau-musik.de\/en\/wp-json\/tribe\/events\/v1\/events\/14002","title":"(Deutsch) C\u00e9cile Chaminade: Komponistin im Portr\u00e4t","description":"<p class=\"qtranxs-available-languages-message qtranxs-available-languages-message-en\">Sorry, this entry is only available in <a href=\"https:\/\/www.archiv-frau-musik.de\/de\/wp-json\/tribe\/events\/v1\/events\/14002\" class=\"qtranxs-available-language-link qtranxs-available-language-link-de\" title=\"Deutsch\">Deutsch<\/a>.<\/p>","excerpt":"","slug":"cecile-chaminade-komponistin-im-portraet","image":false,"all_day":false,"start_date":"2025-06-27 19:00:00","start_date_details":{"year":"2025","month":"06","day":"27","hour":"19","minutes":"00","seconds":"00"},"end_date":"2025-06-27 20:00:00","end_date_details":{"year":"2025","month":"06","day":"27","hour":"20","minutes":"00","seconds":"00"},"utc_start_date":"2025-06-27 17:00:00","utc_start_date_details":{"year":"2025","month":"06","day":"27","hour":"17","minutes":"00","seconds":"00"},"utc_end_date":"2025-06-27 18:00:00","utc_end_date_details":{"year":"2025","month":"06","day":"27","hour":"18","minutes":"00","seconds":"00"},"timezone":"Europe\/Berlin","timezone_abbr":"CEST","cost":"","cost_details":{"currency_symbol":"\u20ac","currency_code":"EUR","currency_position":"suffix","values":[]},"website":"https:\/\/www.dr-hochs.de\/de\/content\/cecile-chaminade-1857-1944-komponistin-im-portrait","show_map":true,"show_map_link":true,"hide_from_listings":false,"sticky":true,"featured":false,"categories":[{"name":"Konzert","slug":"konzert","term_group":0,"term_taxonomy_id":391,"taxonomy":"tribe_events_cat","description":"","parent":0,"count":230,"filter":"raw","i18n_config":{"name":{"ts":{"de":"Konzert"}}},"id":390,"urls":{"self":"https:\/\/www.archiv-frau-musik.de\/en\/wp-json\/tribe\/events\/v1\/categories\/390","collection":"https:\/\/www.archiv-frau-musik.de\/en\/wp-json\/tribe\/events\/v1\/categories"}}],"tags":[{"name":"Archiv Frau und Musik","slug":"archiv-frau-und-musik","term_group":0,"term_taxonomy_id":359,"taxonomy":"post_tag","description":"","parent":0,"count":48,"filter":"raw","i18n_config":{"name":{"ts":{"de":"Archiv Frau und Musik"}}},"id":358,"urls":{"self":"https:\/\/www.archiv-frau-musik.de\/en\/wp-json\/tribe\/events\/v1\/tags\/358","collection":"https:\/\/www.archiv-frau-musik.de\/en\/wp-json\/tribe\/events\/v1\/tags"}},{"name":"Chaminade","slug":"chaminade","term_group":0,"term_taxonomy_id":231,"taxonomy":"post_tag","description":"","parent":0,"count":3,"filter":"raw","i18n_config":{"name":{"ts":{"de":"Chaminade"}}},"id":230,"urls":{"self":"https:\/\/www.archiv-frau-musik.de\/en\/wp-json\/tribe\/events\/v1\/tags\/230","collection":"https:\/\/www.archiv-frau-musik.de\/en\/wp-json\/tribe\/events\/v1\/tags"}},{"name":"Dr. Hoch's Konservatorium","slug":"dr-hochs-konservatorium","term_group":0,"term_taxonomy_id":462,"taxonomy":"post_tag","description":"","parent":0,"count":12,"filter":"raw","i18n_config":{"name":{"ts":{"de":"Dr. Hoch's Konservatorium"}}},"id":461,"urls":{"self":"https:\/\/www.archiv-frau-musik.de\/en\/wp-json\/tribe\/events\/v1\/tags\/461","collection":"https:\/\/www.archiv-frau-musik.de\/en\/wp-json\/tribe\/events\/v1\/tags"}},{"name":"Komponistin","slug":"komponistin","term_group":0,"term_taxonomy_id":272,"taxonomy":"post_tag","description":"","parent":0,"count":110,"filter":"raw","i18n_config":{"name":{"ts":{"de":"Komponistin"}}},"id":271,"urls":{"self":"https:\/\/www.archiv-frau-musik.de\/en\/wp-json\/tribe\/events\/v1\/tags\/271","collection":"https:\/\/www.archiv-frau-musik.de\/en\/wp-json\/tribe\/events\/v1\/tags"}},{"name":"Konzert","slug":"konzert","term_group":0,"term_taxonomy_id":186,"taxonomy":"post_tag","description":"","parent":0,"count":180,"filter":"raw","i18n_config":{"name":{"ts":{"de":"Konzert"}}},"id":185,"urls":{"self":"https:\/\/www.archiv-frau-musik.de\/en\/wp-json\/tribe\/events\/v1\/tags\/185","collection":"https:\/\/www.archiv-frau-musik.de\/en\/wp-json\/tribe\/events\/v1\/tags"}}],"venue":{"id":10456,"author":"5","status":"publish","date":"2023-09-12 11:43:33","date_utc":"2023-09-12 09:43:33","modified":"2023-09-12 11:43:33","modified_utc":"2023-09-12 09:43:33","url":"https:\/\/www.archiv-frau-musik.de\/en\/venue\/dr-hochs-konservatorium","venue":"Dr. Hoch&#8217;s Konservatorium","slug":"dr-hochs-konservatorium","address":"Sonnemannstra\u00dfe 16","city":"Frankfurt\/Main","zip":"60314","json_ld":{"@type":"Place","name":"Dr. Hoch&#8217;s Konservatorium","description":"","url":"","address":{"@type":"PostalAddress","streetAddress":"Sonnemannstra\u00dfe 16","addressLocality":"Frankfurt\/Main","postalCode":"60314"},"telephone":"","sameAs":""},"show_map":true,"show_map_link":true,"global_id":"www.archiv-frau-musik.de\/en?id=10456","global_id_lineage":["www.archiv-frau-musik.de\/en?id=10456"]},"organizer":[{"id":10457,"author":"5","status":"publish","date":"2023-09-12 11:43:33","date_utc":"2023-09-12 09:43:33","modified":"2023-09-12 11:43:33","modified_utc":"2023-09-12 09:43:33","url":"https:\/\/www.archiv-frau-musik.de\/en\/organizer\/dr-hochs-konservatorium","organizer":"Dr. Hoch&#8217;s Konservatorium","slug":"dr-hochs-konservatorium","json_ld":{"@type":"Person","name":"Dr. Hoch&#8217;s Konservatorium","description":"","url":"","telephone":"","email":"","sameAs":""},"global_id":"www.archiv-frau-musik.de\/en?id=10457","global_id_lineage":["www.archiv-frau-musik.de\/en?id=10457"]}],"custom_fields":[],"json_ld":{"@context":"http:\/\/schema.org","@type":"Event","name":"(Deutsch) C\u00e9cile Chaminade: Komponistin im Portr\u00e4t","description":"&lt;p&gt;Freitag, 27. Juni 2025, 19:00 Uhr, Engelbert-Humperdinck-Saal, Dr. Hoch\\'s Konservatorium, Eintritt frei (Spenden erbeten) Vokalkompositionen, Klavier- und Kammermusik der Komponistin C\u00e9cile Chaminade, vorgetragen von Sch\u00fcler*innen und Studierenden. C\u00e9cile Chaminades (1857\u20131944) kompositorisches Talent wurde schon als Kind von Georges Bizet festgestellt. Zwar verbat ihr Vater ihr, Musik am Pariser Konservatorium zu studieren, aber er erlaubte ihr ... &lt;a title=&quot;(Deutsch) C\u00e9cile Chaminade: Komponistin im Portr\u00e4t&quot; class=&quot;read-more&quot; href=&quot;https:\/\/www.archiv-frau-musik.de\/en\/event\/cecile-chaminade-komponistin-im-portraet&quot; aria-label=&quot;Read more about (Deutsch) C\u00e9cile Chaminade: Komponistin im Portr\u00e4t&quot;&gt;Weiterlesen ...&lt;\/a&gt;&lt;\/p&gt;\\n","url":"https:\/\/www.archiv-frau-musik.de\/en\/event\/cecile-chaminade-komponistin-im-portraet\/","eventAttendanceMode":"https:\/\/schema.org\/OfflineEventAttendanceMode","eventStatus":"https:\/\/schema.org\/EventScheduled","startDate":"2025-06-27T19:00:00+02:00","endDate":"2025-06-27T20:00:00+02:00","location":{"@type":"Place","name":"Dr. Hoch&#8217;s Konservatorium","description":"","url":"","address":{"@type":"PostalAddress","streetAddress":"Sonnemannstra\u00dfe 16","addressLocality":"Frankfurt\/Main","postalCode":"60314"},"telephone":"","sameAs":""},"organizer":{"@type":"Person","name":"Dr. Hoch&#8217;s Konservatorium","description":"","url":"","telephone":"","email":"","sameAs":""},"performer":"Organization"}}