{"id":11832,"global_id":"www.archiv-frau-musik.de\/en?id=11832","global_id_lineage":["www.archiv-frau-musik.de\/en?id=11832"],"author":"5","status":"publish","date":"2024-09-25 17:01:39","date_utc":"2024-09-25 15:01:39","modified":"2024-09-25 17:01:40","modified_utc":"2024-09-25 15:01:40","url":"https:\/\/www.archiv-frau-musik.de\/en\/event\/montag-dienstag-waschtag-konzert","rest_url":"https:\/\/www.archiv-frau-musik.de\/en\/wp-json\/tribe\/events\/v1\/events\/11832","title":"(Deutsch) Montag, Dienstag, Waschtag | Konzert","description":"<p class=\"qtranxs-available-languages-message qtranxs-available-languages-message-en\">Sorry, this entry is only available in <a href=\"https:\/\/www.archiv-frau-musik.de\/de\/wp-json\/tribe\/events\/v1\/events\/11832\" class=\"qtranxs-available-language-link qtranxs-available-language-link-de\" title=\"Deutsch\">Deutsch<\/a>.<\/p>","excerpt":"","slug":"montag-dienstag-waschtag-konzert","image":false,"all_day":false,"start_date":"2024-09-27 20:00:00","start_date_details":{"year":"2024","month":"09","day":"27","hour":"20","minutes":"00","seconds":"00"},"end_date":"2024-09-29 21:30:00","end_date_details":{"year":"2024","month":"09","day":"29","hour":"21","minutes":"30","seconds":"00"},"utc_start_date":"2024-09-27 18:00:00","utc_start_date_details":{"year":"2024","month":"09","day":"27","hour":"18","minutes":"00","seconds":"00"},"utc_end_date":"2024-09-29 19:30:00","utc_end_date_details":{"year":"2024","month":"09","day":"29","hour":"19","minutes":"30","seconds":"00"},"timezone":"Europe\/Berlin","timezone_abbr":"CEST","cost":"","cost_details":{"currency_symbol":"\u20ac","currency_code":"EUR","currency_position":"suffix","values":[]},"website":"https:\/\/www.theaternebendemturm.de\/show-item\/glanzstuecke-11\/","show_map":true,"show_map_link":true,"hide_from_listings":false,"sticky":true,"featured":false,"categories":[{"name":"Konzert","slug":"konzert","term_group":0,"term_taxonomy_id":391,"taxonomy":"tribe_events_cat","description":"","parent":0,"count":230,"filter":"raw","i18n_config":{"name":{"ts":{"de":"Konzert"}}},"id":390,"urls":{"self":"https:\/\/www.archiv-frau-musik.de\/en\/wp-json\/tribe\/events\/v1\/categories\/390","collection":"https:\/\/www.archiv-frau-musik.de\/en\/wp-json\/tribe\/events\/v1\/categories"}}],"tags":[{"name":"Emanzipation","slug":"emanzipation","term_group":0,"term_taxonomy_id":355,"taxonomy":"post_tag","description":"","parent":0,"count":3,"filter":"raw","i18n_config":{"name":{"ts":{"de":"Emanzipation"}}},"id":354,"urls":{"self":"https:\/\/www.archiv-frau-musik.de\/en\/wp-json\/tribe\/events\/v1\/tags\/354","collection":"https:\/\/www.archiv-frau-musik.de\/en\/wp-json\/tribe\/events\/v1\/tags"}},{"name":"Gie\u00dfen","slug":"giessen","term_group":0,"term_taxonomy_id":1244,"taxonomy":"post_tag","description":"","parent":0,"count":5,"filter":"raw","i18n_config":{"name":{"ts":{"de":"Gie\u00dfen"}}},"id":1243,"urls":{"self":"https:\/\/www.archiv-frau-musik.de\/en\/wp-json\/tribe\/events\/v1\/tags\/1243","collection":"https:\/\/www.archiv-frau-musik.de\/en\/wp-json\/tribe\/events\/v1\/tags"}},{"name":"Komponistinnen","slug":"komponistinnen","term_group":0,"term_taxonomy_id":188,"taxonomy":"post_tag","description":"","parent":0,"count":255,"filter":"raw","i18n_config":{"name":{"ts":{"de":"Komponistinnen"}}},"id":187,"urls":{"self":"https:\/\/www.archiv-frau-musik.de\/en\/wp-json\/tribe\/events\/v1\/tags\/187","collection":"https:\/\/www.archiv-frau-musik.de\/en\/wp-json\/tribe\/events\/v1\/tags"}},{"name":"Tanja H\u00f6hne","slug":"tanja-hoehne","term_group":0,"term_taxonomy_id":1929,"taxonomy":"post_tag","description":"","parent":0,"count":1,"filter":"raw","i18n_config":{"name":{"ts":{"de":"Tanja H\u00f6hne"}}},"id":1928,"urls":{"self":"https:\/\/www.archiv-frau-musik.de\/en\/wp-json\/tribe\/events\/v1\/tags\/1928","collection":"https:\/\/www.archiv-frau-musik.de\/en\/wp-json\/tribe\/events\/v1\/tags"}},{"name":"Waschtag","slug":"waschtag","term_group":0,"term_taxonomy_id":1928,"taxonomy":"post_tag","description":"","parent":0,"count":1,"filter":"raw","i18n_config":{"name":{"ts":{"de":"Waschtag"}}},"id":1927,"urls":{"self":"https:\/\/www.archiv-frau-musik.de\/en\/wp-json\/tribe\/events\/v1\/tags\/1927","collection":"https:\/\/www.archiv-frau-musik.de\/en\/wp-json\/tribe\/events\/v1\/tags"}}],"venue":{"id":11834,"author":"5","status":"publish","date":"2024-09-25 17:01:40","date_utc":"2024-09-25 15:01:40","modified":"2024-09-25 17:01:40","modified_utc":"2024-09-25 15:01:40","url":"https:\/\/www.archiv-frau-musik.de\/en\/venue\/theater-neben-dem-turm","venue":"Theater neben dem Turm","slug":"theater-neben-dem-turm","address":"Aff\u00f6llerwiesen 3a","city":"Marburg","zip":"35039","website":"https:\/\/www.theaternebendemturm.de\/show-item\/glanzstuecke-11\/","json_ld":{"@type":"Place","name":"Theater neben dem Turm","description":"","url":"","address":{"@type":"PostalAddress","streetAddress":"Aff\u00f6llerwiesen 3a","addressLocality":"Marburg","postalCode":"35039"},"telephone":"","sameAs":"https:\/\/www.theaternebendemturm.de\/show-item\/glanzstuecke-11\/"},"show_map":false,"show_map_link":false,"global_id":"www.archiv-frau-musik.de\/en?id=11834","global_id_lineage":["www.archiv-frau-musik.de\/en?id=11834"]},"organizer":[],"custom_fields":[],"json_ld":{"@context":"http:\/\/schema.org","@type":"Event","name":"(Deutsch) Montag, Dienstag, Waschtag | Konzert","description":"&lt;p&gt;Freitag 27. und Samstag 28. September 2024 um 20 Uhr und am Sonntag 29. September um 17 Uhr GLANZST\u00dcCKE #11: Montag, Dienstag, Waschtag \u2013 \\'normal is just a cycle on the washing machine\\' Ein materiales Musiktheater mit Waschmaschinen, Klavier und Waschzubeh\u00f6r von und mit relevanzkollektiv f\u00fcr Menschen ab 14 Jahren Abschlussarbeit von Tanja H\u00f6hne (JLU ... &lt;a title=&quot;(Deutsch) Montag, Dienstag, Waschtag | Konzert&quot; class=&quot;read-more&quot; href=&quot;https:\/\/www.archiv-frau-musik.de\/en\/event\/montag-dienstag-waschtag-konzert&quot; aria-label=&quot;Read more about (Deutsch) Montag, Dienstag, Waschtag | Konzert&quot;&gt;Weiterlesen ...&lt;\/a&gt;&lt;\/p&gt;\\n","url":"https:\/\/www.archiv-frau-musik.de\/en\/event\/montag-dienstag-waschtag-konzert\/","eventAttendanceMode":"https:\/\/schema.org\/OfflineEventAttendanceMode","eventStatus":"https:\/\/schema.org\/EventScheduled","startDate":"2024-09-27T20:00:00+02:00","endDate":"2024-09-29T21:30:00+02:00","location":{"@type":"Place","name":"Theater neben dem Turm","description":"","url":"","address":{"@type":"PostalAddress","streetAddress":"Aff\u00f6llerwiesen 3a","addressLocality":"Marburg","postalCode":"35039"},"telephone":"","sameAs":"https:\/\/www.theaternebendemturm.de\/show-item\/glanzstuecke-11\/"},"performer":"Organization"}}