{"id":11428,"global_id":"www.archiv-frau-musik.de\/en?id=11428","global_id_lineage":["www.archiv-frau-musik.de\/en?id=11428"],"author":"5","status":"publish","date":"2024-06-03 09:46:40","date_utc":"2024-06-03 07:46:40","modified":"2024-06-03 13:20:27","modified_utc":"2024-06-03 11:20:27","url":"https:\/\/www.archiv-frau-musik.de\/en\/event\/actionella-frauenmusikfestival","rest_url":"https:\/\/www.archiv-frau-musik.de\/en\/wp-json\/tribe\/events\/v1\/events\/11428","title":"(Deutsch) actionella | Frauenmusikfestival","description":"<p class=\"qtranxs-available-languages-message qtranxs-available-languages-message-en\">Sorry, this entry is only available in <a href=\"https:\/\/www.archiv-frau-musik.de\/de\/wp-json\/tribe\/events\/v1\/events\/11428\" class=\"qtranxs-available-language-link qtranxs-available-language-link-de\" title=\"Deutsch\">Deutsch<\/a>.<\/p>","excerpt":"","slug":"actionella-frauenmusikfestival","image":false,"all_day":true,"start_date":"2024-06-07 00:00:00","start_date_details":{"year":"2024","month":"06","day":"07","hour":"00","minutes":"00","seconds":"00"},"end_date":"2024-06-08 23:59:59","end_date_details":{"year":"2024","month":"06","day":"08","hour":"23","minutes":"59","seconds":"59"},"utc_start_date":"2024-06-06 22:00:00","utc_start_date_details":{"year":"2024","month":"06","day":"06","hour":"22","minutes":"00","seconds":"00"},"utc_end_date":"2024-06-08 21:59:59","utc_end_date_details":{"year":"2024","month":"06","day":"08","hour":"21","minutes":"59","seconds":"59"},"timezone":"Europe\/Berlin","timezone_abbr":"CEST","cost":"","cost_details":{"currency_symbol":"","currency_code":"","currency_position":"suffix","values":[]},"website":"https:\/\/www.actionella.de\/","show_map":true,"show_map_link":true,"hide_from_listings":false,"sticky":true,"featured":false,"categories":[{"name":"Festival","slug":"festival","term_group":0,"term_taxonomy_id":1725,"taxonomy":"tribe_events_cat","description":"","parent":0,"count":12,"filter":"raw","i18n_config":{"name":{"ts":{"de":"Festival"}}},"id":1724,"urls":{"self":"https:\/\/www.archiv-frau-musik.de\/en\/wp-json\/tribe\/events\/v1\/categories\/1724","collection":"https:\/\/www.archiv-frau-musik.de\/en\/wp-json\/tribe\/events\/v1\/categories"}}],"tags":[{"name":"actionella","slug":"actionella","term_group":0,"term_taxonomy_id":1781,"taxonomy":"post_tag","description":"","parent":0,"count":1,"filter":"raw","i18n_config":{"name":{"ts":{"de":"actionella"}}},"id":1780,"urls":{"self":"https:\/\/www.archiv-frau-musik.de\/en\/wp-json\/tribe\/events\/v1\/tags\/1780","collection":"https:\/\/www.archiv-frau-musik.de\/en\/wp-json\/tribe\/events\/v1\/tags"}},{"name":"BetweenART&amp;People e. V.","slug":"betweenartpeople-e-v","term_group":0,"term_taxonomy_id":1783,"taxonomy":"post_tag","description":"","parent":0,"count":1,"filter":"raw","i18n_config":{"name":{"ts":{"de":"BetweenART&amp;People e. V."}}},"id":1782,"urls":{"self":"https:\/\/www.archiv-frau-musik.de\/en\/wp-json\/tribe\/events\/v1\/tags\/1782","collection":"https:\/\/www.archiv-frau-musik.de\/en\/wp-json\/tribe\/events\/v1\/tags"}},{"name":"Domagk-Viertel","slug":"domagk-viertel","term_group":0,"term_taxonomy_id":1782,"taxonomy":"post_tag","description":"","parent":0,"count":1,"filter":"raw","i18n_config":{"name":{"ts":{"de":"Domagk-Viertel"}}},"id":1781,"urls":{"self":"https:\/\/www.archiv-frau-musik.de\/en\/wp-json\/tribe\/events\/v1\/tags\/1781","collection":"https:\/\/www.archiv-frau-musik.de\/en\/wp-json\/tribe\/events\/v1\/tags"}},{"name":"Feierwerk","slug":"feierwerk","term_group":0,"term_taxonomy_id":1785,"taxonomy":"post_tag","description":"","parent":0,"count":1,"filter":"raw","i18n_config":{"name":{"ts":{"de":"Feierwerk"}}},"id":1784,"urls":{"self":"https:\/\/www.archiv-frau-musik.de\/en\/wp-json\/tribe\/events\/v1\/tags\/1784","collection":"https:\/\/www.archiv-frau-musik.de\/en\/wp-json\/tribe\/events\/v1\/tags"}},{"name":"Festival","slug":"festival","term_group":0,"term_taxonomy_id":189,"taxonomy":"post_tag","description":"","parent":0,"count":21,"filter":"raw","i18n_config":{"name":{"ts":{"de":"Festival"}}},"id":188,"urls":{"self":"https:\/\/www.archiv-frau-musik.de\/en\/wp-json\/tribe\/events\/v1\/tags\/188","collection":"https:\/\/www.archiv-frau-musik.de\/en\/wp-json\/tribe\/events\/v1\/tags"}},{"name":"Frauen","slug":"frauen","term_group":0,"term_taxonomy_id":183,"taxonomy":"post_tag","description":"","parent":0,"count":10,"filter":"raw","i18n_config":{"name":{"ts":{"de":"Frauen"}}},"id":182,"urls":{"self":"https:\/\/www.archiv-frau-musik.de\/en\/wp-json\/tribe\/events\/v1\/tags\/182","collection":"https:\/\/www.archiv-frau-musik.de\/en\/wp-json\/tribe\/events\/v1\/tags"}},{"name":"Kulturb\u00fchne","slug":"kulturbuehne","term_group":0,"term_taxonomy_id":1786,"taxonomy":"post_tag","description":"","parent":0,"count":1,"filter":"raw","i18n_config":{"name":{"ts":{"de":"Kulturb\u00fchne"}}},"id":1785,"urls":{"self":"https:\/\/www.archiv-frau-musik.de\/en\/wp-json\/tribe\/events\/v1\/tags\/1785","collection":"https:\/\/www.archiv-frau-musik.de\/en\/wp-json\/tribe\/events\/v1\/tags"}},{"name":"K\u00fcnstlerinnen","slug":"kuenstlerinnen","term_group":0,"term_taxonomy_id":1788,"taxonomy":"post_tag","description":"","parent":0,"count":1,"filter":"raw","i18n_config":{"name":{"ts":{"de":"K\u00fcnstlerinnen"}}},"id":1787,"urls":{"self":"https:\/\/www.archiv-frau-musik.de\/en\/wp-json\/tribe\/events\/v1\/tags\/1787","collection":"https:\/\/www.archiv-frau-musik.de\/en\/wp-json\/tribe\/events\/v1\/tags"}},{"name":"Lihotzky","slug":"lihotzky","term_group":0,"term_taxonomy_id":1784,"taxonomy":"post_tag","description":"","parent":0,"count":1,"filter":"raw","i18n_config":{"name":{"ts":{"de":"Lihotzky"}}},"id":1783,"urls":{"self":"https:\/\/www.archiv-frau-musik.de\/en\/wp-json\/tribe\/events\/v1\/tags\/1783","collection":"https:\/\/www.archiv-frau-musik.de\/en\/wp-json\/tribe\/events\/v1\/tags"}},{"name":"M\u00fcnchen","slug":"muenchen","term_group":0,"term_taxonomy_id":197,"taxonomy":"post_tag","description":"","parent":0,"count":32,"filter":"raw","i18n_config":{"name":{"ts":{"de":"M\u00fcnchen"}}},"id":196,"urls":{"self":"https:\/\/www.archiv-frau-musik.de\/en\/wp-json\/tribe\/events\/v1\/tags\/196","collection":"https:\/\/www.archiv-frau-musik.de\/en\/wp-json\/tribe\/events\/v1\/tags"}},{"name":"Musikerinnen","slug":"musikerinnen","term_group":0,"term_taxonomy_id":1787,"taxonomy":"post_tag","description":"","parent":0,"count":1,"filter":"raw","i18n_config":{"name":{"ts":{"de":"Musikerinnen"}}},"id":1786,"urls":{"self":"https:\/\/www.archiv-frau-musik.de\/en\/wp-json\/tribe\/events\/v1\/tags\/1786","collection":"https:\/\/www.archiv-frau-musik.de\/en\/wp-json\/tribe\/events\/v1\/tags"}}],"venue":{"id":11429,"author":"5","status":"publish","date":"2024-06-03 09:46:40","date_utc":"2024-06-03 07:46:40","modified":"2024-06-03 09:46:40","modified_utc":"2024-06-03 07:46:40","url":"https:\/\/www.archiv-frau-musik.de\/en\/venue\/domagk-viertel","venue":"Domagk-Viertel","slug":"domagk-viertel","city":"M\u00fcnchen","website":"https:\/\/www.actionella.de\/","json_ld":{"@type":"Place","name":"Domagk-Viertel","description":"","url":"","address":{"@type":"PostalAddress","addressLocality":"M\u00fcnchen"},"telephone":"","sameAs":"https:\/\/www.actionella.de\/"},"show_map":true,"show_map_link":true,"global_id":"www.archiv-frau-musik.de\/en?id=11429","global_id_lineage":["www.archiv-frau-musik.de\/en?id=11429"]},"organizer":[{"id":11430,"author":"5","status":"publish","date":"2024-06-03 09:46:40","date_utc":"2024-06-03 07:46:40","modified":"2024-06-03 09:46:40","modified_utc":"2024-06-03 07:46:40","url":"https:\/\/www.archiv-frau-musik.de\/en\/organizer\/betweenartpeople-e-v","organizer":"BetweenART&#038;People e. V.","slug":"betweenartpeople-e-v","website":"https:\/\/www.actionella.de\/","json_ld":{"@type":"Person","name":"BetweenART&#038;People e. V.","description":"","url":"https:\/\/www.actionella.de\/","telephone":"","email":"","sameAs":"https:\/\/www.actionella.de\/"},"global_id":"www.archiv-frau-musik.de\/en?id=11430","global_id_lineage":["www.archiv-frau-musik.de\/en?id=11430"]}],"custom_fields":[],"json_ld":{"@context":"http:\/\/schema.org","@type":"Event","name":"(Deutsch) actionella | Frauenmusikfestival","description":"&lt;p&gt;actionella | women on stage Freitag 7. bis Samstag 8. Juni 2024 \u2013 Musikfestival im Domagk-Viertel Mit Kokonelle, Diana Goldberg, C\u00e4the, Taiga Trece, Kerfor, Hallway, Frank\\'s White Canvas, Cosmica Bandida, G\u00fcndalein uvm. Nach wie vor sind Musikerinnen auf Festivals stark unterrepr\u00e4sentiert. Bei Rock Am Ring 2022 etwa lag der Anteil von weiblichen K\u00fcnstlerinnen bei nicht ... &lt;a title=&quot;(Deutsch) actionella | Frauenmusikfestival&quot; class=&quot;read-more&quot; href=&quot;https:\/\/www.archiv-frau-musik.de\/en\/event\/actionella-frauenmusikfestival&quot; aria-label=&quot;Read more about (Deutsch) actionella | Frauenmusikfestival&quot;&gt;Weiterlesen ...&lt;\/a&gt;&lt;\/p&gt;\\n","url":"https:\/\/www.archiv-frau-musik.de\/en\/event\/actionella-frauenmusikfestival\/","eventAttendanceMode":"https:\/\/schema.org\/OfflineEventAttendanceMode","eventStatus":"https:\/\/schema.org\/EventScheduled","startDate":"2024-06-07T00:00:00+02:00","endDate":"2024-06-08T23:59:59+02:00","location":{"@type":"Place","name":"Domagk-Viertel","description":"","url":"","address":{"@type":"PostalAddress","addressLocality":"M\u00fcnchen"},"telephone":"","sameAs":"https:\/\/www.actionella.de\/"},"organizer":{"@type":"Person","name":"BetweenART&#038;People e. V.","description":"","url":"https:\/\/www.actionella.de\/","telephone":"","email":"","sameAs":"https:\/\/www.actionella.de\/"},"performer":"Organization"}}